{"id":16266,"date":"2026-09-02T09:53:45","date_gmt":"2026-09-02T07:53:45","guid":{"rendered":"https:\/\/www.4stars.it\/blog\/?p=16266"},"modified":"2026-09-02T09:53:45","modified_gmt":"2026-09-02T07:53:45","slug":"linguaggio-inclusivo-in-azienda","status":"publish","type":"post","link":"https:\/\/www.4stars.it\/blog\/linguaggio-inclusivo-in-azienda\/","title":{"rendered":"Un posto di lavoro per tutt*: il linguaggio inclusivo in azienda"},"content":{"rendered":"<p>La realt\u00e0 delle aziende, che appartiene a un <strong>mondo globale e diversificato<\/strong>, ha sempre pi\u00f9 bisogno di saper <strong>includere persone con background e identit\u00e0 diverse<\/strong>: il linguaggio inclusivo in azienda \u00e8 un modo intelligente per far sentire tutti e tutte considerati, <strong>creando un senso di appartenenza e dignit\u00e0 tra il personale<\/strong>.<\/p>\n<h3><span style=\"color: #000000;\"><strong>Soltanto un modo di dire?<\/strong><\/span><\/h3>\n<p>La reazione di molte persone, quando sentono parlare di linguaggio inclusivo, \u00e8 quella di commentare che si tratta soltanto di parole, frasi, modi di riferirsi a qualcuno\u2026 niente di pi\u00f9 sbagliato!<\/p>\n<p>Come tanti studi hanno contribuito a dimostrare, <strong>il linguaggio che usiamo \u201ccrea\u201d la realt\u00e0, influendo sul nostro pensiero, le nostre relazioni e il modo in cui le persone si percepiscono<\/strong>.<\/p>\n<p>Ma <strong>cosa si intende<\/strong> quindi <strong>con l\u2019espressione \u201clinguaggio inclusivo\u201d?<\/strong><\/p>\n<p>Con questa espressione si fa semplicemente riferimento ad <strong>un modo di esprimersi<\/strong> (sia nello scritto che nel parlato) <strong>capace di comprendere tutte le persone presenti<\/strong>, <strong>a prescindere da genere, etnia, orientamento sessuale<\/strong>.<\/p>\n<p><strong>Molte espressioni che usiamo<\/strong> senza farci caso, infatti, <strong>fanno riferimento soltanto a una parte delle persone che compongono una societ\u00e0<\/strong>: pensiamo al maschile usato per descrivere i gruppi, o alle professioni tutte declinate al maschile. Dire \u201ci dipendenti\u201d o \u201cil dottore\u201d ci fa immediatamente immaginare che si tratti di maschi, mentre spesso (e sempre pi\u00f9 spesso) non \u00e8 affatto cos\u00ec.<\/p>\n<p>Allo stesso modo, <strong>certi termini con cui ci riferiamo alle persone di diversa origine culturale<\/strong> (una su tutte, \u201cgli stranieri\u201d) <strong>creano immediatamente un immaginario di estraneit\u00e0<\/strong>, negando il fatto che si tratta di persone che vivono nella nostra stessa citt\u00e0, lavorano insieme a noi e condividono con noi molto pi\u00f9 di quanto pensiamo.<\/p>\n<p>Cos\u00ec come una certa <strong>divisione degli spazi e dei gruppi<\/strong> (i bagni maschili e femminili, per fare un esempio banale) <strong>lega le persone a una suddivisione rigida sia per quanto riguarda il genere che per quanto riguarda l\u2019orientamento sessuale<\/strong>, dato per scontato che il modello binario e un certo tipo di relazioni di genere siano l\u2019unico scenario possibile.<\/p>\n<p><strong>Le nostre societ\u00e0 e i nostri team di lavoro, tuttavia, sono in evoluzione<\/strong>, e non rispondono pi\u00f9 a certi vecchi stereotipi: <strong>\u00e8 quindi sempre pi\u00f9 importante che il linguaggio rispecchi questo cambiamento<\/strong>, riuscendo davvero a includere tutte le persone che compongono la societ\u00e0 (e l\u2019azienda).<\/p>\n<h3><span style=\"color: #000000;\"><strong>Come generare inclusione s<\/strong><strong>e sei un\u2019azienda<\/strong><\/span><\/h3>\n<p>Adesso che abbiamo visto cosa si intende per linguaggio inclusivo, passiamo agli aspetti pratici: <strong>come azienda, cosa puoi fare per modificare il linguaggio in modo da far sentire davvero incluso tutto il personale?<\/strong><\/p>\n<ul>\n<li>\n<h4><span style=\"color: #000000;\"><strong>Ad ognuno il suo (vero) titolo<\/strong><\/span><\/h4>\n<\/li>\n<\/ul>\n<p>Per favorire l\u2019<a href=\"https:\/\/www.4stars.it\/blog\/diversita-e-inclusione-in-azienda-vantaggi-e-consigli\/\">inclusione<\/a>, <strong>presta attenzione a titoli e appellativi<\/strong>: rivolgiti ai dipendenti e alle dipendenti <strong>rispettando la<\/strong> loro <strong>professionalit\u00e0 e adattando il<\/strong> loro <strong>titolo al genere<\/strong>: \u201cavvocato\u201d e \u201cavvocatessa\u201d non sono la stessa cosa, perch\u00e9 descrivono due professionisti di genere diverso.<\/p>\n<p>In questo l\u2019inglese, una lingua molto pi\u00f9 \u201cneutra\u201d dell\u2019italiano, sar\u00e0 di grande aiuto: i termini che descrivono le professioni non sono infatti riferiti a un genere nello specifico, e cos\u00ec neanche gli aggettivi (\u201cthe good doctor\u201d pu\u00f2 quindi indifferentemente riferirsi a un uomo o una donna).<\/p>\n<ul>\n<li>\n<h4><span style=\"color: #000000;\"><strong>Non esistono generi sui generis<\/strong><\/span><\/h4>\n<\/li>\n<\/ul>\n<p>Oltre al ruolo professionale, <strong>cerca di capire con che genere si identificano le persone che lavorano per te, e rivolgiti a loro in accordo con esso<\/strong>: in caso di persone non binarie, puoi utilizzare la schwa (nelle comunicazioni scritte) o chiedere direttamente a loro con che pronome si identificano.<\/p>\n<ul>\n<li>\n<h4><span style=\"color: #000000;\"><strong>La forma \u00e8 sostanza<\/strong><\/span><\/h4>\n<\/li>\n<\/ul>\n<p><strong>In quanto azienda, hai la responsabilit\u00e0 delle comunicazioni formali <\/strong>che circolano in ufficio: dalle email, ai contratti di lavoro, agli inviti al party aziendale. <strong>In tutte le comunicazioni, cerca di usare un linguaggio che sia in grado di includere<\/strong> ogni persona che lavora (o potrebbe lavorare in futuro) per te.<\/p>\n<p>Un buon esercizio per allenarti \u00e8 rileggere le comunicazioni, provando a metterti nei panni di una persona di genere, etnia o orientamento sessuale non \u201cmaggioritario\u201d, per vedere se senti che la comunicazione funziona ed \u00e8 rivolta anche a te.<\/p>\n<ul>\n<li>\n<h4><span style=\"color: #000000;\"><strong>Occhio alle relazioni (di potere)<\/strong><\/span><\/h4>\n<\/li>\n<\/ul>\n<p><strong>Il linguaggio in azienda pu\u00f2 veicolare dinamiche relazionali \u201cpericolose\u201d<\/strong>, in quanto prevedono un <strong>rapporto di potere tra due dipendenti<\/strong>.<\/p>\n<p>Dal responsabile che si rivolge a una professionista chiamandola \u201csignorina\u201d, all\u2019appellativo razzista tra colleghi\/e, <strong>tocca a te come azienda sorvegliare queste situazioni e, se necessario, intervenire<\/strong>.<\/p>\n<h3><span style=\"color: #000000;\"><strong>Il linguaggio inclusivo in azienda se sei un\/una dipendente<\/strong><\/span><\/h3>\n<p><strong>\u00a0<\/strong>L\u2019azienda ha sicuramente la responsabilit\u00e0 principale nella gestione del linguaggio (e delle relazioni) interne, ma <strong>puoi fare qualcosa anche tu come dipendente?<\/strong> Ebbene s\u00ec, ecco cosa:<\/p>\n<ul>\n<li>\n<h4><span style=\"color: #000000;\"><strong>Guardati attorno<\/strong><\/span><\/h4>\n<\/li>\n<\/ul>\n<p><strong>Il primo passo per acquisire inclusivit\u00e0 in azienda \u00e8<\/strong> <strong>osservare chi sono le persone intorno a te<\/strong>: da chi \u00e8 composto il tuo team? Chi sono, da dove provengono, in che genere si identificano le persone con cui condividi la scrivania ogni giorno? Come vivono quando escono dall\u2019ufficio a fine giornata?<\/p>\n<p><strong>Osservare e diventare consapevole delle diverse identit\u00e0 di chi ti circonda<\/strong> \u00e8 il primo passo per <strong>sviluppare una mente inclusiva (e di conseguenza un linguaggio)<\/strong> in modo naturale e non artificioso.<\/p>\n<ul>\n<li>\n<h4><span style=\"color: #000000;\"><strong>Allena l\u2019intelligenza culturale<\/strong><\/span><\/h4>\n<\/li>\n<\/ul>\n<p>Non importa se hai viaggiato, vissuto all\u2019estero oppure non hai mai lasciato la tua citt\u00e0: <strong>sul lavoro entrerai probabilmente in contatto con colleghi di altre provenienze geografiche<\/strong> (che siano anche solo regionali).<\/p>\n<p><strong>Comincia a mostrare curiosit\u00e0 verso le altre culture, osservandole in modo aperto e cercando di capire le ragioni profonde dei loro comportamenti<\/strong>: attraverso l\u2019<a href=\"https:\/\/www.4stars.it\/blog\/intelligenza-culturale\/\">intelligenza culturale<\/a> scoprirai nuovi modi di vivere che arricchiranno la tua personalit\u00e0 e presto non sentirai pi\u00f9 \u201cstranieri\u201d i colleghi e le colleghe che arrivano da altri paesi.<\/p>\n<ul>\n<li>\n<h4><span style=\"color: #000000;\"><strong>Rispetta e ascolta tutt*<\/strong><\/span><\/h4>\n<\/li>\n<\/ul>\n<p>Un passo fondamentale per sviluppare una mentalit\u00e0 e un linguaggio inclusivo \u00e8 <strong>ascoltare gli altri con rispetto e senza giudicarli<\/strong>.<\/p>\n<p>Prova a \u201cmetterti nei panni altrui\u201d (o, come si dice in inglese, <em>walk a mile in their shoes<\/em>) e a <strong>capire come si percepiscono e come desiderano che ci si rivolga a loro<\/strong>. Capirai che forse quella che per te \u00e8 \u201csolo una parola\u201d, per loro \u00e8 un <strong>linguaggio<\/strong> che <strong>ha<\/strong> <strong>implicazioni essenziali a livello di identit\u00e0<\/strong>.<\/p>\n<p>Speriamo che questo articolo possa essere di aiuto nel favorire un senso di appartenenza nel team, migliorare le <a href=\"https:\/\/www.4stars.it\/blog\/relazioni-aziendali\/\">relazioni aziendali<\/a> e creare un\u2019azienda davvero per tutt*!<\/p>\n","protected":false},"excerpt":{"rendered":"<p>La realt\u00e0 delle aziende, che appartiene a un mondo globale e diversificato, ha sempre pi\u00f9 bisogno di saper includere persone con background e identit\u00e0 diverse: il linguaggio inclusivo in azienda \u00e8 un modo intelligente per far sentire tutti e tutte considerati, creando un senso di appartenenza e dignit\u00e0 tra il &#8230;<\/p>\n","protected":false},"author":4,"featured_media":16270,"comment_status":"open","ping_status":"open","sticky":false,"template":"","format":"standard","meta":{"footnotes":""},"categories":[141,37,293],"tags":[314,457],"yoast_head":"<!-- This site is optimized with the Yoast SEO plugin v22.1 - https:\/\/yoast.com\/wordpress\/plugins\/seo\/ -->\n<title>Come usare il linguaggio inclusivo in azienda per creare appartenenza<\/title>\n<meta name=\"description\" content=\"Linguaggio inclusivo in azienda: un alleato per creare il gruppo, stimolando il senso di appartenenza di tutto il personale\" \/>\n<meta name=\"robots\" content=\"index, follow, max-snippet:-1, max-image-preview:large, max-video-preview:-1\" \/>\n<link rel=\"canonical\" href=\"https:\/\/www.4stars.it\/blog\/linguaggio-inclusivo-in-azienda\/\" \/>\n<meta property=\"og:locale\" content=\"it_IT\" \/>\n<meta property=\"og:type\" content=\"article\" \/>\n<meta property=\"og:title\" content=\"Come usare il linguaggio inclusivo in azienda per creare appartenenza\" \/>\n<meta property=\"og:description\" content=\"Linguaggio inclusivo in azienda: un alleato per creare il gruppo, stimolando il senso di appartenenza di tutto il personale\" \/>\n<meta property=\"og:url\" content=\"https:\/\/www.4stars.it\/blog\/linguaggio-inclusivo-in-azienda\/\" \/>\n<meta property=\"og:site_name\" content=\"4S BLOG\" \/>\n<meta property=\"article:publisher\" content=\"https:\/\/www.facebook.com\/4stars.sportellostage\" \/>\n<meta property=\"article:published_time\" content=\"2026-09-02T07:53:45+00:00\" \/>\n<meta property=\"og:image\" content=\"https:\/\/www.4stars.it\/blog\/wp-content\/uploads\/2026\/09\/LINGUAGGIO-INCLUSIVO_1.jpg\" \/>\n\t<meta property=\"og:image:width\" content=\"1800\" \/>\n\t<meta property=\"og:image:height\" content=\"500\" \/>\n\t<meta property=\"og:image:type\" content=\"image\/jpeg\" \/>\n<meta name=\"author\" content=\"FourStars\" \/>\n<meta name=\"twitter:card\" content=\"summary_large_image\" \/>\n<meta name=\"twitter:label1\" content=\"Scritto da\" \/>\n\t<meta name=\"twitter:data1\" content=\"FourStars\" \/>\n\t<meta name=\"twitter:label2\" content=\"Tempo di lettura stimato\" \/>\n\t<meta name=\"twitter:data2\" content=\"6 minuti\" \/>\n<script type=\"application\/ld+json\" class=\"yoast-schema-graph\">{\"@context\":\"https:\/\/schema.org\",\"@graph\":[{\"@type\":\"Article\",\"@id\":\"https:\/\/www.4stars.it\/blog\/linguaggio-inclusivo-in-azienda\/#article\",\"isPartOf\":{\"@id\":\"https:\/\/www.4stars.it\/blog\/linguaggio-inclusivo-in-azienda\/\"},\"author\":{\"name\":\"FourStars\",\"@id\":\"https:\/\/svil-www.4stars.it\/blog\/#\/schema\/person\/31a6660310b7cb08480644ac93dcf4b4\"},\"headline\":\"Un posto di lavoro per tutt*: il linguaggio inclusivo in azienda\",\"datePublished\":\"2026-09-02T07:53:45+00:00\",\"dateModified\":\"2026-09-02T07:53:45+00:00\",\"mainEntityOfPage\":{\"@id\":\"https:\/\/www.4stars.it\/blog\/linguaggio-inclusivo-in-azienda\/\"},\"wordCount\":1056,\"commentCount\":0,\"publisher\":{\"@id\":\"https:\/\/svil-www.4stars.it\/blog\/#organization\"},\"keywords\":[\"inclusione in azienda\",\"linguaggio inclusivo\"],\"articleSection\":[\"candidato\",\"LAVORO\",\"TIPS AZIENDE - HR E RECRUITING\"],\"inLanguage\":\"it-IT\",\"potentialAction\":[{\"@type\":\"CommentAction\",\"name\":\"Comment\",\"target\":[\"https:\/\/www.4stars.it\/blog\/linguaggio-inclusivo-in-azienda\/#respond\"]}]},{\"@type\":\"WebPage\",\"@id\":\"https:\/\/www.4stars.it\/blog\/linguaggio-inclusivo-in-azienda\/\",\"url\":\"https:\/\/www.4stars.it\/blog\/linguaggio-inclusivo-in-azienda\/\",\"name\":\"Come usare il linguaggio inclusivo in azienda per creare appartenenza\",\"isPartOf\":{\"@id\":\"https:\/\/svil-www.4stars.it\/blog\/#website\"},\"datePublished\":\"2026-09-02T07:53:45+00:00\",\"dateModified\":\"2026-09-02T07:53:45+00:00\",\"description\":\"Linguaggio inclusivo in azienda: un alleato per creare il gruppo, stimolando il senso di appartenenza di tutto il personale\",\"breadcrumb\":{\"@id\":\"https:\/\/www.4stars.it\/blog\/linguaggio-inclusivo-in-azienda\/#breadcrumb\"},\"inLanguage\":\"it-IT\",\"potentialAction\":[{\"@type\":\"ReadAction\",\"target\":[\"https:\/\/www.4stars.it\/blog\/linguaggio-inclusivo-in-azienda\/\"]}]},{\"@type\":\"BreadcrumbList\",\"@id\":\"https:\/\/www.4stars.it\/blog\/linguaggio-inclusivo-in-azienda\/#breadcrumb\",\"itemListElement\":[{\"@type\":\"ListItem\",\"position\":1,\"name\":\"Home\",\"item\":\"https:\/\/www.4stars.it\/blog\/\"},{\"@type\":\"ListItem\",\"position\":2,\"name\":\"Un posto di lavoro per tutt*: il linguaggio inclusivo in azienda\"}]},{\"@type\":\"WebSite\",\"@id\":\"https:\/\/svil-www.4stars.it\/blog\/#website\",\"url\":\"https:\/\/svil-www.4stars.it\/blog\/\",\"name\":\"4S BLOG\",\"description\":\"Stage e Lavoro\",\"publisher\":{\"@id\":\"https:\/\/svil-www.4stars.it\/blog\/#organization\"},\"potentialAction\":[{\"@type\":\"SearchAction\",\"target\":{\"@type\":\"EntryPoint\",\"urlTemplate\":\"https:\/\/svil-www.4stars.it\/blog\/?s={search_term_string}\"},\"query-input\":\"required name=search_term_string\"}],\"inLanguage\":\"it-IT\"},{\"@type\":\"Organization\",\"@id\":\"https:\/\/svil-www.4stars.it\/blog\/#organization\",\"name\":\"4S BLOG\",\"url\":\"https:\/\/svil-www.4stars.it\/blog\/\",\"logo\":{\"@type\":\"ImageObject\",\"inLanguage\":\"it-IT\",\"@id\":\"https:\/\/svil-www.4stars.it\/blog\/#\/schema\/logo\/image\/\",\"url\":\"https:\/\/www.4stars.it\/blog\/wp-content\/uploads\/2022\/11\/4stars_logo_payoff-2.png\",\"contentUrl\":\"https:\/\/www.4stars.it\/blog\/wp-content\/uploads\/2022\/11\/4stars_logo_payoff-2.png\",\"width\":1000,\"height\":502,\"caption\":\"4S BLOG\"},\"image\":{\"@id\":\"https:\/\/svil-www.4stars.it\/blog\/#\/schema\/logo\/image\/\"},\"sameAs\":[\"https:\/\/www.facebook.com\/4stars.sportellostage\",\"https:\/\/www.linkedin.com\/company\/fourstars-sportellostage\/\",\"https:\/\/www.instagram.com\/4stars_stage_lavoro\/\"]},{\"@type\":\"Person\",\"@id\":\"https:\/\/svil-www.4stars.it\/blog\/#\/schema\/person\/31a6660310b7cb08480644ac93dcf4b4\",\"name\":\"FourStars\"}]}<\/script>\n<!-- \/ Yoast SEO plugin. -->","yoast_head_json":{"title":"Come usare il linguaggio inclusivo in azienda per creare appartenenza","description":"Linguaggio inclusivo in azienda: un alleato per creare il gruppo, stimolando il senso di appartenenza di tutto il personale","robots":{"index":"index","follow":"follow","max-snippet":"max-snippet:-1","max-image-preview":"max-image-preview:large","max-video-preview":"max-video-preview:-1"},"canonical":"https:\/\/www.4stars.it\/blog\/linguaggio-inclusivo-in-azienda\/","og_locale":"it_IT","og_type":"article","og_title":"Come usare il linguaggio inclusivo in azienda per creare appartenenza","og_description":"Linguaggio inclusivo in azienda: un alleato per creare il gruppo, stimolando il senso di appartenenza di tutto il personale","og_url":"https:\/\/www.4stars.it\/blog\/linguaggio-inclusivo-in-azienda\/","og_site_name":"4S BLOG","article_publisher":"https:\/\/www.facebook.com\/4stars.sportellostage","article_published_time":"2026-09-02T07:53:45+00:00","og_image":[{"width":1800,"height":500,"url":"https:\/\/www.4stars.it\/blog\/wp-content\/uploads\/2026\/09\/LINGUAGGIO-INCLUSIVO_1.jpg","type":"image\/jpeg"}],"author":"FourStars","twitter_card":"summary_large_image","twitter_misc":{"Scritto da":"FourStars","Tempo di lettura stimato":"6 minuti"},"schema":{"@context":"https:\/\/schema.org","@graph":[{"@type":"Article","@id":"https:\/\/www.4stars.it\/blog\/linguaggio-inclusivo-in-azienda\/#article","isPartOf":{"@id":"https:\/\/www.4stars.it\/blog\/linguaggio-inclusivo-in-azienda\/"},"author":{"name":"FourStars","@id":"https:\/\/svil-www.4stars.it\/blog\/#\/schema\/person\/31a6660310b7cb08480644ac93dcf4b4"},"headline":"Un posto di lavoro per tutt*: il linguaggio inclusivo in azienda","datePublished":"2026-09-02T07:53:45+00:00","dateModified":"2026-09-02T07:53:45+00:00","mainEntityOfPage":{"@id":"https:\/\/www.4stars.it\/blog\/linguaggio-inclusivo-in-azienda\/"},"wordCount":1056,"commentCount":0,"publisher":{"@id":"https:\/\/svil-www.4stars.it\/blog\/#organization"},"keywords":["inclusione in azienda","linguaggio inclusivo"],"articleSection":["candidato","LAVORO","TIPS AZIENDE - HR E RECRUITING"],"inLanguage":"it-IT","potentialAction":[{"@type":"CommentAction","name":"Comment","target":["https:\/\/www.4stars.it\/blog\/linguaggio-inclusivo-in-azienda\/#respond"]}]},{"@type":"WebPage","@id":"https:\/\/www.4stars.it\/blog\/linguaggio-inclusivo-in-azienda\/","url":"https:\/\/www.4stars.it\/blog\/linguaggio-inclusivo-in-azienda\/","name":"Come usare il linguaggio inclusivo in azienda per creare appartenenza","isPartOf":{"@id":"https:\/\/svil-www.4stars.it\/blog\/#website"},"datePublished":"2026-09-02T07:53:45+00:00","dateModified":"2026-09-02T07:53:45+00:00","description":"Linguaggio inclusivo in azienda: un alleato per creare il gruppo, stimolando il senso di appartenenza di tutto il personale","breadcrumb":{"@id":"https:\/\/www.4stars.it\/blog\/linguaggio-inclusivo-in-azienda\/#breadcrumb"},"inLanguage":"it-IT","potentialAction":[{"@type":"ReadAction","target":["https:\/\/www.4stars.it\/blog\/linguaggio-inclusivo-in-azienda\/"]}]},{"@type":"BreadcrumbList","@id":"https:\/\/www.4stars.it\/blog\/linguaggio-inclusivo-in-azienda\/#breadcrumb","itemListElement":[{"@type":"ListItem","position":1,"name":"Home","item":"https:\/\/www.4stars.it\/blog\/"},{"@type":"ListItem","position":2,"name":"Un posto di lavoro per tutt*: il linguaggio inclusivo in azienda"}]},{"@type":"WebSite","@id":"https:\/\/svil-www.4stars.it\/blog\/#website","url":"https:\/\/svil-www.4stars.it\/blog\/","name":"4S BLOG","description":"Stage e Lavoro","publisher":{"@id":"https:\/\/svil-www.4stars.it\/blog\/#organization"},"potentialAction":[{"@type":"SearchAction","target":{"@type":"EntryPoint","urlTemplate":"https:\/\/svil-www.4stars.it\/blog\/?s={search_term_string}"},"query-input":"required name=search_term_string"}],"inLanguage":"it-IT"},{"@type":"Organization","@id":"https:\/\/svil-www.4stars.it\/blog\/#organization","name":"4S BLOG","url":"https:\/\/svil-www.4stars.it\/blog\/","logo":{"@type":"ImageObject","inLanguage":"it-IT","@id":"https:\/\/svil-www.4stars.it\/blog\/#\/schema\/logo\/image\/","url":"https:\/\/www.4stars.it\/blog\/wp-content\/uploads\/2022\/11\/4stars_logo_payoff-2.png","contentUrl":"https:\/\/www.4stars.it\/blog\/wp-content\/uploads\/2022\/11\/4stars_logo_payoff-2.png","width":1000,"height":502,"caption":"4S BLOG"},"image":{"@id":"https:\/\/svil-www.4stars.it\/blog\/#\/schema\/logo\/image\/"},"sameAs":["https:\/\/www.facebook.com\/4stars.sportellostage","https:\/\/www.linkedin.com\/company\/fourstars-sportellostage\/","https:\/\/www.instagram.com\/4stars_stage_lavoro\/"]},{"@type":"Person","@id":"https:\/\/svil-www.4stars.it\/blog\/#\/schema\/person\/31a6660310b7cb08480644ac93dcf4b4","name":"FourStars"}]}},"_links":{"self":[{"href":"https:\/\/www.4stars.it\/blog\/wp-json\/wp\/v2\/posts\/16266"}],"collection":[{"href":"https:\/\/www.4stars.it\/blog\/wp-json\/wp\/v2\/posts"}],"about":[{"href":"https:\/\/www.4stars.it\/blog\/wp-json\/wp\/v2\/types\/post"}],"author":[{"embeddable":true,"href":"https:\/\/www.4stars.it\/blog\/wp-json\/wp\/v2\/users\/4"}],"replies":[{"embeddable":true,"href":"https:\/\/www.4stars.it\/blog\/wp-json\/wp\/v2\/comments?post=16266"}],"version-history":[{"count":6,"href":"https:\/\/www.4stars.it\/blog\/wp-json\/wp\/v2\/posts\/16266\/revisions"}],"predecessor-version":[{"id":16287,"href":"https:\/\/www.4stars.it\/blog\/wp-json\/wp\/v2\/posts\/16266\/revisions\/16287"}],"wp:featuredmedia":[{"embeddable":true,"href":"https:\/\/www.4stars.it\/blog\/wp-json\/wp\/v2\/media\/16270"}],"wp:attachment":[{"href":"https:\/\/www.4stars.it\/blog\/wp-json\/wp\/v2\/media?parent=16266"}],"wp:term":[{"taxonomy":"category","embeddable":true,"href":"https:\/\/www.4stars.it\/blog\/wp-json\/wp\/v2\/categories?post=16266"},{"taxonomy":"post_tag","embeddable":true,"href":"https:\/\/www.4stars.it\/blog\/wp-json\/wp\/v2\/tags?post=16266"}],"curies":[{"name":"wp","href":"https:\/\/api.w.org\/{rel}","templated":true}]}}