{"id":3989,"date":"2017-11-08T14:57:45","date_gmt":"2017-11-08T14:57:45","guid":{"rendered":"https:\/\/www.4stars.it\/blog\/?p=3989"},"modified":"2019-08-28T15:01:29","modified_gmt":"2019-08-28T15:01:29","slug":"magda-ferrario-responsabile-amministrativo-e-contabile","status":"publish","type":"post","link":"https:\/\/www.4stars.it\/blog\/magda-ferrario-responsabile-amministrativo-e-contabile\/","title":{"rendered":"Intervista a Magda Ferrario \u2013 Responsabile Amministrativo e Contabile"},"content":{"rendered":"<h4 style=\"text-align: left;\"><span style=\"color: #808080;\">Entriamo in FourStars per conoscere i professionisti delle diverse aree che compongono l\u2019azienda. In questa intervista facciamo una chiacchierata con il nostro Responsabile Amministrativo e Contabile dal 2009, Magda Ferrario, che di recente ha lasciato il suo posto per godersi la meritata pensione.<br \/>\nLe chiediamo di svelarci i segreti della sua lunga carriera e la salutiamo con questa intervista per concludere simbolicamente il suo percorso in FourStars.<\/span><\/h4>\n<p>&nbsp;<\/p>\n<h4><span style=\"color: #000000;\"><strong>Cosa ti ha spinto a scegliere di lavorare nel mondo della contabilit\u00e0 e cosa hai fatto per raggiungere questo obiettivo?<\/strong><\/span><\/h4>\n<p><strong>Nutrivo una certa passione per la matematica e i numeri<\/strong>. La mia scelta, per\u00f2, \u00e8 stata determinata soprattutto dalla volont\u00e0 di autonomia e di libert\u00e0 di scelte per la mia vita. <strong>Il diploma di Ragioneria mi avrebbe dato maggiori possibilit\u00e0 di trovare velocemente la mia collocazione nel mondo del lavoro<\/strong>, in quanto mi permetteva di avere gi\u00e0 in mano una professione, senza la necessit\u00e0 di ulteriori percorsi di studio, se non l\u2019aggiornamento costante, ovvio. Diciamolo pure apertamente, sono persona pi\u00f9 di azione che di studio, quindi testa bassa e via.<\/p>\n<h4><span style=\"color: #000000;\"><strong>Durante la tua lunga carriera, quali esperienze di lavoro hai svolto prima di approdare in FourStars come Responsabile Amministrativo e Contabile?<\/strong><\/span><\/h4>\n<p>Ho iniziato lavorando per mio padre nell\u2019aziendina che aveva tirato su con alcuni colleghi: la mitica <strong>CI.EFFE.GI<\/strong>.<br \/>\nPurtroppo, per\u00f2, la paga \u201cfamiliare\u201d non mi permetteva l\u2019autonomia che cercavo e quindi via, \u201csotto padrone\u201d, ma non vorrei elencare tutti i passaggi fatti in quasi 50 anni di lavoro! In sintesi posso ricordare i principali passaggi.<\/p>\n<p>Inizialmente mi sono occupata di contabilit\u00e0 generale presso la <strong>Dischi Ricordi<\/strong>, poi sono passata a lavorare in Chiquita (s\u00ec, l\u2019importatrice di banane), dove mi sono occupata di costi ed ho iniziato ad imparare a costruire un Budget: tanti colleghi che mi hanno insegnato molto, Mauro Primo, ad esempio.<\/p>\n<p>Verso la fine degli anni \u201870, inizio \u201980, ho avuto un\u2019importante esperienza nella ditta di impiantistica <strong>Sadelmi Cogepi<\/strong>, dove mi sono occupata di Reporting, Budget e Bilanci Consolidati, in cui ho avuto il primo vero contatto con le multinazionali e, soprattutto, dove ho iniziato a utilizzare il PC!. Anche qui ho imparato tanto (devo ringraziare Felice Torriani) e viaggiato molto in Sud America, Europa e USA: periodo di grande crescita professionale e personale che mi ha portata, con un contratto da Exp, a lavorare a Caracas.<\/p>\n<p>Al mio rientro in Italia, dopo oltre cinque anni, ho trovato qualche difficolt\u00e0 a reinserirmi nel mondo del lavoro, che nel frattempo era cambiato notevolmente, ma non certo nell\u2019atteggiamento prevenuto nei confronti di lavoratrici con figli, diciamolo pure (e io, nel frattempo, ne avevo avuti due). Comunque, essendo una che non si perde d\u2019animo, sono riuscita a reinserirmi ed ho cominciato a lavorare per <strong>Mila Sch\u00f6n<\/strong>, noto marchio di alta moda: ambiente totalmente nuovo, ma l\u2019esperienza acquisita mi ha permesso di continuare con la mia specializzazione (BDG, Reporting, Controllo di gestione e analisi).<\/p>\n<p>A met\u00e0 degli anni \u201990, la decisione di seguire mio marito in Argentina mi ha un po\u2019 destabilizzata: un anno a seguire famiglia e figli in un paese tanto diverso e senza reale possibilit\u00e0 di lavoro. In capo ad un anno o poco pi\u00f9 ero nuovamente a Milano in cerca di lavoro, ma, avendo ormai 50 anni, con qualche difficolt\u00e0: consulenze saltuarie e a partita IVA e poi, grazie ad una persona speciale, Viviana Misani, sono entrata in <strong>FANUC ITALIA<\/strong>, societ\u00e0 giapponese di assistenza tecnica su macchinari per l\u2019industria.<br \/>\nAnche in questo caso, le esperienze precedenti mi hanno permesso di assumere il ruolo di Responsabile Amministrativa e Contabile: sette anni non sempre facili, ma sicuramente interessanti, con scambi a livello personale e professionale con persone di paesi diversi: Giappone, dove sono stata anche un paio di volte, Germania, UK, Francia, Bulgaria, Turchia, insomma si continua ad imparare.<\/p>\n<p>Alla fine del 2008, finalmente, \u00e8 arrivata la pensione, ma, poich\u00e9 il lavoro \u00e8 sempre stato il mio pi\u00f9 fedele compagno di vita, eccomi approdare qualche mese dopo come collaboratrice esterna in <strong>FourStars<\/strong>, dove ho lavorato fino ad agosto 2017.<\/p>\n<p>Piccola parentesi prima di proseguire: voglio precisare che tengo molto ai nomi di persone che ho citato.<strong> Sono convinta che nei percorsi professionali, specie all&#8217;inizio, valgano, pi\u00f9 dei nomi delle societ\u00e0, quelli delle persone<\/strong> che insegnano e aiutano ad acquisire professionalit\u00e0 negli incarichi nuovi o in quelli in cui si intende acquisire esperienza.<\/p>\n<h4><span style=\"color: #000000;\"><strong>Di cosa ti sei occupata in FourStars?<\/strong><\/span><\/h4>\n<p>In FourStars <strong>mi sono occupata fondamentalmente di Amministrazione<\/strong>, ma anche di altri aspetti generali su cui sono stata interpellata e coinvolta (in questo caso, grazie a Chiara Grosso per avermi resa partecipe di molti progetti e idee.)<br \/>\nAll\u2019inizio c\u2019\u00e8 stato da rendere sistematico e funzionale il flusso di informazioni e documenti per avviare una corretta contabilizzazione, dare un ritmo corretto alla stessa, onde poter consultare in modo aggiornato i dati aziendali in ogni momento si rendessero necessari. Fissare i binari su cui procedere, insomma.<\/p>\n<h4><span style=\"color: #000000;\"><strong>I numeri sono una bestia nera per molti. Tu, che ne hai fatto un mestiere per tutta la vita, hai qualche trucco per padroneggiare numeri e conti?<\/strong><\/span><\/h4>\n<p>Innanzitutto devono piacere i numerelli, come dico io:<strong> i numeri devono avere un significato, quasi un carattere proprio<\/strong>. Si deve imparare a rispettarli e a riconoscerne significato e caratteristiche. Come le parole, anche ogni numero ha vita propria, arricchita da ci\u00f2 che va a rappresentare e a esprimere. Non c\u2019\u00e8 un trucco, bisogna solo non averne paura.<\/p>\n<h4><strong><span style=\"color: #000000;\">Quali competenze e capacit\u00e0 sono indispensabili per svolgere la professione di cui ti sei occupata?<\/span><\/strong><\/h4>\n<p>Beh, ovviamente si devono acquisire le informazioni necessarie per poter svolgere la funzione nel modo corretto, poi, come per tutte le professioni,<strong> essere aperti ai cambiamenti, <\/strong>aggiornarsi in merito agli strumenti da utilizzare per ottimizzare quello che si deve fare e <strong>metterci passione<\/strong>. Qualsiasi professione, se svolta in modo asettico, senza interesse per ci\u00f2 che si fa, diventa un peso insopportabile e si finisce con svolgerlo in modo disumanizzato e quindi senza rispetto per s\u00e9 o per gli altri.<br \/>\nCome conseguenza di ci\u00f2, competenza da acquisire e rispettare \u00e8 anche la <strong>riservatezza<\/strong>, che si rivela un aspetto fondamentale quando si ha a che fare con conti e dati sensibili di un\u2019azienda e dei suoi dipendenti.<\/p>\n<h4><span style=\"color: #000000;\"><strong>Considerando la rapida evoluzione tecnologica, come sono cambiati gli strumenti di lavoro per un Responsabile Amministrativo Contabile nel corso degli anni?<\/strong><\/span><\/h4>\n<p>Caspita, che domandona. Io son passata dalla contabilit\u00e0 a ricalco ai programmi di contabilizzazione integrati, quindi triplo salto mortale!<br \/>\nAvete presente SAP e JD Edwards ERP o Navision? Insomma, <strong>le macchine contabili, quando ho iniziato io, erano una specie di SMART rumorosissima<\/strong> e funzionante con schede perforate. Ora con un PC, un buon gestionale e una tastiera il gioco \u00e8 fatto! <strong>Chiss\u00e0 cosa ci sar\u00e0 domani<\/strong>: tutto in una nano SD, sicuramente.<\/p>\n<h4><span style=\"color: #000000;\"><strong>Quali consigli daresti ai giovani che vorrebbero avvicinarsi a una professione nell&#8217;ambito della contabilit\u00e0?<\/strong><\/span><\/h4>\n<p>Dare consigli \u00e8 sempre difficile. Ogni persona \u00e8 specifica e unica, ognuno ha le sue necessit\u00e0, quindi non saprei darne, se non ripetere sempre due cose fondamentali: <strong>prepararsi con metodo<\/strong>, acquisendo le competenze necessarie per svolgere al meglio la propria professione e poi <strong>metterci personalit\u00e0<\/strong>, la propria!<\/p>\n<h4><strong><span style=\"color: #000000;\">Come cambia il lavoro di un Responsabile Amministrativo Contabile a seconda dell&#8217;ambito in cui si inserisce?<\/span><\/strong><\/h4>\n<p>Ovviamente, come credo di aver accennato prima, la responsabilit\u00e0 nell\u2019ambito contabile e amministrativo dipende da tanti fattori: dimensione dell\u2019azienda, variet\u00e0 di attivit\u00e0 della stessa e cos\u00ec via.<\/p>\n<p>Nelle grandi aziende il lavoro \u00e8 di maggiore responsabilit\u00e0 e sicuramente meno operativo che non nelle piccole, dove l\u2019aspetto contabile\/amministrativo diventa maggiormente il cuore pulsante dell\u2019azienda, con buona pace dei commerciali, ad esempio.<\/p>\n<p>S\u00ec, <strong>chi abbraccia questa professione spesso verr\u00e0 considerato il rigido, quello fiscale<\/strong>, un tantino ottuso, magari, che non lascia fare grandi voli pindarici, ma <strong>questo \u00e8 ci\u00f2 che deve fare: mantenere equilibrio e solidit\u00e0 per uno sviluppo aziendale armonico e costante<\/strong>.<\/p>\n<h4><strong><span style=\"color: #000000;\">Come gestivi il tuo Work Life Balance?<\/span><\/strong><\/h4>\n<p>Difficile dirlo, dopo che la tua professione ti ha accompagnato per 50 anni, il rischio \u00e8 quello di lasciarsi prendere la mano e non distinguere work e life, lo so.<\/p>\n<p>In realt\u00e0<strong> credo di esserci riuscita, grazie al fatto di aver voluto e avuto due figli, essere sempre stata me stessa, aver viaggiato molto, dato importanza alle persone<\/strong> incontrate nel mio percorso professionale e personale.<\/p>\n<p>E poi grazie al fatto di non aver mai anteposto le cose alle persone, pur rispettando le priorit\u00e0 che nei diversi campi si sono presentate. Riduttivo? Forse, ma io ero e sono cos\u00ec e mi sento a mio agio in entrambi gli ambiti.<\/p>\n<h4><strong><span style=\"color: #000000;\">Come hai vissuto il pensionamento e quali sono i tuoi progetti futuri?<\/span><\/strong><\/h4>\n<p><strong>Ci\u00f2 che mi peser\u00e0 maggiormente del pensionamento sar\u00e0 la mancanza di contatto costante con ambienti giovani e dinamici<\/strong>, il partecipare all\u2019elaborazione di nuovi progetti, nuove idee, ma cercher\u00f2 di mantenermi comunque aggiornata.<\/p>\n<p>I miei progetti futuri? Non ci ho ancora pensato. Per ora mi limito a pensare che ho molto pi\u00f9 tempo libero per gli amici di sempre, per riprendere magari a viaggiare o a fare incursioni \u201cleggere\u201d in ufficio, per condividere la vitalit\u00e0 che sprigiona una bella e giovane azienda come Fourstars.<\/p>\n<p>Per ora, ripeto, me la godo un po\u2019. Vi far\u00f2 sapere, ma <strong>grazie a tutti coloro che per poco o molto tempo mi hanno accompagnata nel mio percorso<\/strong>.<\/p>\n","protected":false},"excerpt":{"rendered":"<p>Entriamo in FourStars per conoscere i professionisti delle diverse aree che compongono l\u2019azienda. In questa intervista facciamo una chiacchierata con il nostro Responsabile Amministrativo e Contabile dal 2009, Magda Ferrario, che di recente ha lasciato il suo posto per godersi la meritata pensione. Le chiediamo di svelarci i segreti della &#8230;<\/p>\n","protected":false},"author":4,"featured_media":4013,"comment_status":"open","ping_status":"open","sticky":false,"template":"","format":"standard","meta":{"footnotes":""},"categories":[247],"tags":[252,16,163,58],"yoast_head":"<!-- This site is optimized with the Yoast SEO plugin v22.1 - https:\/\/yoast.com\/wordpress\/plugins\/seo\/ -->\n<title>Intervista a Magda Ferrario \u2013 Responsabile Amministrativo e Contabile<\/title>\n<meta name=\"description\" content=\"Conosciamo la nostra Responsabile Amministrativo e Contabile dal 2009, Magda Ferrario che ci svela i segreti della sua lunga carriera\" \/>\n<meta name=\"robots\" content=\"index, follow, max-snippet:-1, max-image-preview:large, max-video-preview:-1\" \/>\n<link rel=\"canonical\" href=\"https:\/\/www.4stars.it\/blog\/magda-ferrario-responsabile-amministrativo-e-contabile\/\" \/>\n<meta property=\"og:locale\" content=\"it_IT\" \/>\n<meta property=\"og:type\" content=\"article\" \/>\n<meta property=\"og:title\" content=\"Intervista a Magda Ferrario \u2013 Responsabile Amministrativo e Contabile\" \/>\n<meta property=\"og:description\" content=\"Conosciamo la nostra Responsabile Amministrativo e Contabile dal 2009, Magda Ferrario che ci svela i segreti della sua lunga carriera\" \/>\n<meta property=\"og:url\" content=\"https:\/\/svil-www.4stars.it\/blog\/magda-ferrario-responsabile-amministrativo-e-contabile\/\" \/>\n<meta property=\"og:site_name\" content=\"4S BLOG\" \/>\n<meta property=\"article:publisher\" content=\"https:\/\/www.facebook.com\/4stars.sportellostage\" \/>\n<meta property=\"article:published_time\" content=\"2017-11-08T14:57:45+00:00\" \/>\n<meta property=\"article:modified_time\" content=\"2019-08-28T15:01:29+00:00\" \/>\n<meta property=\"og:image\" content=\"https:\/\/svil-www.4stars.it\/blog\/wp-content\/uploads\/2017\/10\/insidemagdaBlog.jpg\" \/>\n\t<meta property=\"og:image:width\" content=\"1800\" \/>\n\t<meta property=\"og:image:height\" content=\"500\" \/>\n\t<meta property=\"og:image:type\" content=\"image\/jpeg\" \/>\n<meta name=\"author\" content=\"FourStars\" \/>\n<meta name=\"twitter:card\" content=\"summary_large_image\" \/>\n<meta name=\"twitter:label1\" content=\"Scritto da\" \/>\n\t<meta name=\"twitter:data1\" content=\"FourStars\" \/>\n\t<meta name=\"twitter:label2\" content=\"Tempo di lettura stimato\" \/>\n\t<meta name=\"twitter:data2\" content=\"8 minuti\" \/>\n<script type=\"application\/ld+json\" class=\"yoast-schema-graph\">{\"@context\":\"https:\/\/schema.org\",\"@graph\":[{\"@type\":\"Article\",\"@id\":\"https:\/\/svil-www.4stars.it\/blog\/magda-ferrario-responsabile-amministrativo-e-contabile\/#article\",\"isPartOf\":{\"@id\":\"https:\/\/svil-www.4stars.it\/blog\/magda-ferrario-responsabile-amministrativo-e-contabile\/\"},\"author\":{\"name\":\"FourStars\",\"@id\":\"https:\/\/svil-www.4stars.it\/blog\/#\/schema\/person\/31a6660310b7cb08480644ac93dcf4b4\"},\"headline\":\"Intervista a Magda Ferrario \u2013 Responsabile Amministrativo e Contabile\",\"datePublished\":\"2017-11-08T14:57:45+00:00\",\"dateModified\":\"2019-08-28T15:01:29+00:00\",\"mainEntityOfPage\":{\"@id\":\"https:\/\/svil-www.4stars.it\/blog\/magda-ferrario-responsabile-amministrativo-e-contabile\/\"},\"wordCount\":1570,\"commentCount\":1,\"publisher\":{\"@id\":\"https:\/\/svil-www.4stars.it\/blog\/#organization\"},\"keywords\":[\"amministrazione\",\"Consigli lavoro\",\"Contabilit\u00e0\",\"Professioni\"],\"articleSection\":[\"Inside FourStars\"],\"inLanguage\":\"it-IT\",\"potentialAction\":[{\"@type\":\"CommentAction\",\"name\":\"Comment\",\"target\":[\"https:\/\/svil-www.4stars.it\/blog\/magda-ferrario-responsabile-amministrativo-e-contabile\/#respond\"]}]},{\"@type\":\"WebPage\",\"@id\":\"https:\/\/svil-www.4stars.it\/blog\/magda-ferrario-responsabile-amministrativo-e-contabile\/\",\"url\":\"https:\/\/svil-www.4stars.it\/blog\/magda-ferrario-responsabile-amministrativo-e-contabile\/\",\"name\":\"Intervista a Magda Ferrario \u2013 Responsabile Amministrativo e Contabile\",\"isPartOf\":{\"@id\":\"https:\/\/svil-www.4stars.it\/blog\/#website\"},\"datePublished\":\"2017-11-08T14:57:45+00:00\",\"dateModified\":\"2019-08-28T15:01:29+00:00\",\"description\":\"Conosciamo la nostra Responsabile Amministrativo e Contabile dal 2009, Magda Ferrario che ci svela i segreti della sua lunga carriera\",\"breadcrumb\":{\"@id\":\"https:\/\/svil-www.4stars.it\/blog\/magda-ferrario-responsabile-amministrativo-e-contabile\/#breadcrumb\"},\"inLanguage\":\"it-IT\",\"potentialAction\":[{\"@type\":\"ReadAction\",\"target\":[\"https:\/\/svil-www.4stars.it\/blog\/magda-ferrario-responsabile-amministrativo-e-contabile\/\"]}]},{\"@type\":\"BreadcrumbList\",\"@id\":\"https:\/\/svil-www.4stars.it\/blog\/magda-ferrario-responsabile-amministrativo-e-contabile\/#breadcrumb\",\"itemListElement\":[{\"@type\":\"ListItem\",\"position\":1,\"name\":\"Home\",\"item\":\"https:\/\/www.4stars.it\/blog\/\"},{\"@type\":\"ListItem\",\"position\":2,\"name\":\"Intervista a Magda Ferrario \u2013 Responsabile Amministrativo e Contabile\"}]},{\"@type\":\"WebSite\",\"@id\":\"https:\/\/svil-www.4stars.it\/blog\/#website\",\"url\":\"https:\/\/svil-www.4stars.it\/blog\/\",\"name\":\"4S BLOG\",\"description\":\"Stage e Lavoro\",\"publisher\":{\"@id\":\"https:\/\/svil-www.4stars.it\/blog\/#organization\"},\"potentialAction\":[{\"@type\":\"SearchAction\",\"target\":{\"@type\":\"EntryPoint\",\"urlTemplate\":\"https:\/\/svil-www.4stars.it\/blog\/?s={search_term_string}\"},\"query-input\":\"required name=search_term_string\"}],\"inLanguage\":\"it-IT\"},{\"@type\":\"Organization\",\"@id\":\"https:\/\/svil-www.4stars.it\/blog\/#organization\",\"name\":\"4S BLOG\",\"url\":\"https:\/\/svil-www.4stars.it\/blog\/\",\"logo\":{\"@type\":\"ImageObject\",\"inLanguage\":\"it-IT\",\"@id\":\"https:\/\/svil-www.4stars.it\/blog\/#\/schema\/logo\/image\/\",\"url\":\"https:\/\/www.4stars.it\/blog\/wp-content\/uploads\/2022\/11\/4stars_logo_payoff-2.png\",\"contentUrl\":\"https:\/\/www.4stars.it\/blog\/wp-content\/uploads\/2022\/11\/4stars_logo_payoff-2.png\",\"width\":1000,\"height\":502,\"caption\":\"4S BLOG\"},\"image\":{\"@id\":\"https:\/\/svil-www.4stars.it\/blog\/#\/schema\/logo\/image\/\"},\"sameAs\":[\"https:\/\/www.facebook.com\/4stars.sportellostage\",\"https:\/\/www.linkedin.com\/company\/fourstars-sportellostage\/\",\"https:\/\/www.instagram.com\/4stars_stage_lavoro\/\"]},{\"@type\":\"Person\",\"@id\":\"https:\/\/svil-www.4stars.it\/blog\/#\/schema\/person\/31a6660310b7cb08480644ac93dcf4b4\",\"name\":\"FourStars\"}]}<\/script>\n<!-- \/ Yoast SEO plugin. -->","yoast_head_json":{"title":"Intervista a Magda Ferrario \u2013 Responsabile Amministrativo e Contabile","description":"Conosciamo la nostra Responsabile Amministrativo e Contabile dal 2009, Magda Ferrario che ci svela i segreti della sua lunga carriera","robots":{"index":"index","follow":"follow","max-snippet":"max-snippet:-1","max-image-preview":"max-image-preview:large","max-video-preview":"max-video-preview:-1"},"canonical":"https:\/\/www.4stars.it\/blog\/magda-ferrario-responsabile-amministrativo-e-contabile\/","og_locale":"it_IT","og_type":"article","og_title":"Intervista a Magda Ferrario \u2013 Responsabile Amministrativo e Contabile","og_description":"Conosciamo la nostra Responsabile Amministrativo e Contabile dal 2009, Magda Ferrario che ci svela i segreti della sua lunga carriera","og_url":"https:\/\/svil-www.4stars.it\/blog\/magda-ferrario-responsabile-amministrativo-e-contabile\/","og_site_name":"4S BLOG","article_publisher":"https:\/\/www.facebook.com\/4stars.sportellostage","article_published_time":"2017-11-08T14:57:45+00:00","article_modified_time":"2019-08-28T15:01:29+00:00","og_image":[{"width":1800,"height":500,"url":"https:\/\/svil-www.4stars.it\/blog\/wp-content\/uploads\/2017\/10\/insidemagdaBlog.jpg","type":"image\/jpeg"}],"author":"FourStars","twitter_card":"summary_large_image","twitter_misc":{"Scritto da":"FourStars","Tempo di lettura stimato":"8 minuti"},"schema":{"@context":"https:\/\/schema.org","@graph":[{"@type":"Article","@id":"https:\/\/svil-www.4stars.it\/blog\/magda-ferrario-responsabile-amministrativo-e-contabile\/#article","isPartOf":{"@id":"https:\/\/svil-www.4stars.it\/blog\/magda-ferrario-responsabile-amministrativo-e-contabile\/"},"author":{"name":"FourStars","@id":"https:\/\/svil-www.4stars.it\/blog\/#\/schema\/person\/31a6660310b7cb08480644ac93dcf4b4"},"headline":"Intervista a Magda Ferrario \u2013 Responsabile Amministrativo e Contabile","datePublished":"2017-11-08T14:57:45+00:00","dateModified":"2019-08-28T15:01:29+00:00","mainEntityOfPage":{"@id":"https:\/\/svil-www.4stars.it\/blog\/magda-ferrario-responsabile-amministrativo-e-contabile\/"},"wordCount":1570,"commentCount":1,"publisher":{"@id":"https:\/\/svil-www.4stars.it\/blog\/#organization"},"keywords":["amministrazione","Consigli lavoro","Contabilit\u00e0","Professioni"],"articleSection":["Inside FourStars"],"inLanguage":"it-IT","potentialAction":[{"@type":"CommentAction","name":"Comment","target":["https:\/\/svil-www.4stars.it\/blog\/magda-ferrario-responsabile-amministrativo-e-contabile\/#respond"]}]},{"@type":"WebPage","@id":"https:\/\/svil-www.4stars.it\/blog\/magda-ferrario-responsabile-amministrativo-e-contabile\/","url":"https:\/\/svil-www.4stars.it\/blog\/magda-ferrario-responsabile-amministrativo-e-contabile\/","name":"Intervista a Magda Ferrario \u2013 Responsabile Amministrativo e Contabile","isPartOf":{"@id":"https:\/\/svil-www.4stars.it\/blog\/#website"},"datePublished":"2017-11-08T14:57:45+00:00","dateModified":"2019-08-28T15:01:29+00:00","description":"Conosciamo la nostra Responsabile Amministrativo e Contabile dal 2009, Magda Ferrario che ci svela i segreti della sua lunga carriera","breadcrumb":{"@id":"https:\/\/svil-www.4stars.it\/blog\/magda-ferrario-responsabile-amministrativo-e-contabile\/#breadcrumb"},"inLanguage":"it-IT","potentialAction":[{"@type":"ReadAction","target":["https:\/\/svil-www.4stars.it\/blog\/magda-ferrario-responsabile-amministrativo-e-contabile\/"]}]},{"@type":"BreadcrumbList","@id":"https:\/\/svil-www.4stars.it\/blog\/magda-ferrario-responsabile-amministrativo-e-contabile\/#breadcrumb","itemListElement":[{"@type":"ListItem","position":1,"name":"Home","item":"https:\/\/www.4stars.it\/blog\/"},{"@type":"ListItem","position":2,"name":"Intervista a Magda Ferrario \u2013 Responsabile Amministrativo e Contabile"}]},{"@type":"WebSite","@id":"https:\/\/svil-www.4stars.it\/blog\/#website","url":"https:\/\/svil-www.4stars.it\/blog\/","name":"4S BLOG","description":"Stage e Lavoro","publisher":{"@id":"https:\/\/svil-www.4stars.it\/blog\/#organization"},"potentialAction":[{"@type":"SearchAction","target":{"@type":"EntryPoint","urlTemplate":"https:\/\/svil-www.4stars.it\/blog\/?s={search_term_string}"},"query-input":"required name=search_term_string"}],"inLanguage":"it-IT"},{"@type":"Organization","@id":"https:\/\/svil-www.4stars.it\/blog\/#organization","name":"4S BLOG","url":"https:\/\/svil-www.4stars.it\/blog\/","logo":{"@type":"ImageObject","inLanguage":"it-IT","@id":"https:\/\/svil-www.4stars.it\/blog\/#\/schema\/logo\/image\/","url":"https:\/\/www.4stars.it\/blog\/wp-content\/uploads\/2022\/11\/4stars_logo_payoff-2.png","contentUrl":"https:\/\/www.4stars.it\/blog\/wp-content\/uploads\/2022\/11\/4stars_logo_payoff-2.png","width":1000,"height":502,"caption":"4S BLOG"},"image":{"@id":"https:\/\/svil-www.4stars.it\/blog\/#\/schema\/logo\/image\/"},"sameAs":["https:\/\/www.facebook.com\/4stars.sportellostage","https:\/\/www.linkedin.com\/company\/fourstars-sportellostage\/","https:\/\/www.instagram.com\/4stars_stage_lavoro\/"]},{"@type":"Person","@id":"https:\/\/svil-www.4stars.it\/blog\/#\/schema\/person\/31a6660310b7cb08480644ac93dcf4b4","name":"FourStars"}]}},"_links":{"self":[{"href":"https:\/\/www.4stars.it\/blog\/wp-json\/wp\/v2\/posts\/3989"}],"collection":[{"href":"https:\/\/www.4stars.it\/blog\/wp-json\/wp\/v2\/posts"}],"about":[{"href":"https:\/\/www.4stars.it\/blog\/wp-json\/wp\/v2\/types\/post"}],"author":[{"embeddable":true,"href":"https:\/\/www.4stars.it\/blog\/wp-json\/wp\/v2\/users\/4"}],"replies":[{"embeddable":true,"href":"https:\/\/www.4stars.it\/blog\/wp-json\/wp\/v2\/comments?post=3989"}],"version-history":[{"count":35,"href":"https:\/\/www.4stars.it\/blog\/wp-json\/wp\/v2\/posts\/3989\/revisions"}],"predecessor-version":[{"id":7572,"href":"https:\/\/www.4stars.it\/blog\/wp-json\/wp\/v2\/posts\/3989\/revisions\/7572"}],"wp:featuredmedia":[{"embeddable":true,"href":"https:\/\/www.4stars.it\/blog\/wp-json\/wp\/v2\/media\/4013"}],"wp:attachment":[{"href":"https:\/\/www.4stars.it\/blog\/wp-json\/wp\/v2\/media?parent=3989"}],"wp:term":[{"taxonomy":"category","embeddable":true,"href":"https:\/\/www.4stars.it\/blog\/wp-json\/wp\/v2\/categories?post=3989"},{"taxonomy":"post_tag","embeddable":true,"href":"https:\/\/www.4stars.it\/blog\/wp-json\/wp\/v2\/tags?post=3989"}],"curies":[{"name":"wp","href":"https:\/\/api.w.org\/{rel}","templated":true}]}}