{"id":4011,"date":"2018-10-24T17:00:04","date_gmt":"2018-10-24T17:00:04","guid":{"rendered":"https:\/\/www.4stars.it\/blog\/?p=4011"},"modified":"2019-03-08T08:38:52","modified_gmt":"2019-03-08T08:38:52","slug":"cose-dote-merito-regione-lombardia","status":"publish","type":"post","link":"https:\/\/www.4stars.it\/blog\/cose-dote-merito-regione-lombardia\/","title":{"rendered":"Cos&#8217;\u00e8 Dote Merito di Regione Lombardia"},"content":{"rendered":"<h3><span style=\"color: #000000;\"><strong>Cos\u2019\u00e8 Dote Merito?<\/strong><\/span><\/h3>\n<p>Dote Merito \u00e8 <strong>una delle diverse componenti del progetto \u201cDote Scuola\u201d<\/strong> di Regione Lombardia, finalizzato a garantire il diritto allo studio e offrire ai giovani lombardi un aiuto concreto per la loro educazione.<\/p>\n<p>Attraverso Dote Merito, Regione Lombardia premia i diplomati meritevoli, offrendo loro l\u2019opportunit\u00e0 di <strong>prendere parte gratuitamente a un percorso di formazione esperienziale in Italia, in Europa o nel Mondo<\/strong>.<\/p>\n<h3><span style=\"color: #000000;\"><strong>Quali sono i requisiti per accedere a Dote Merito?<\/strong><\/span><\/h3>\n<p>Dote Merito si rivolge ai giovani <strong>residenti in Lombardia<\/strong>, che abbiano concluso la formazione scolastica e conseguito un <strong>diploma nell\u2019anno scolastico 2017\/2018 <\/strong>con i seguenti risultati:<\/p>\n<ul>\n<li>una votazione finale di <strong>100 e lode all\u2019esame di Stato<\/strong><\/li>\n<li>una votazione finale di <strong>100 agli esami di qualifica o di diploma professionale<\/strong> del sistema di istruzione e formazione professionale (IeFP)<\/li>\n<\/ul>\n<p>Possono partecipare anche gli studenti delle classi terze e quarte che abbiano conseguito una valutazione <strong>media finale pari o superiore a 9<\/strong>.<\/p>\n<h3><span style=\"color: #000000;\"><strong>Come funziona Dote Merito<\/strong><\/span><\/h3>\n<p>Regione Lombardia assegna <strong>un voucher a ciascuno dei giovani che corrispondano ai suddetti requisiti.<\/strong><\/p>\n<p>A tutti i giovani<strong> diplomati con il massimo dei voti <\/strong>viene riconosciuto un voucher da spendere per partecipare a un\u2019esperienza in <strong>Italia <\/strong>(borsa di studio di <strong>1000 \u20ac<\/strong>), in <strong>Europa <\/strong>(borsa di studio di <strong>1500 \u20ac<\/strong>) o nel <strong>Mondo<\/strong> (borsa di studio di <strong>3000 \u20ac<\/strong>).<\/p>\n<p>Agli <strong>studenti delle classi terze e quarte<\/strong> viene riconosciuto un voucher del valore di <strong>500 <\/strong>\u20ac, da spendere per l\u2019acquisto di<strong> libri di testo e\/o dotazioni tecnologiche<\/strong> per la didattica.<\/p>\n<h3><span style=\"color: #000000;\"><strong>I progetti di FourStars per Dote Merito <\/strong><strong>2018-2019<\/strong><\/span><\/h3>\n<p>Grazie ai finanziamenti offerti da Dote Merito di Regione Lombardia, FourStars offre ai giovani diplomati la <strong>possibilit\u00e0 di vivere un percorso di formazione esperienziale gratuito per arricchire il proprio bagaglio di conoscenze e competenze<\/strong> e prepararsi ad affrontare l&#8217;ingresso nel mondo accademico o professionale.<\/p>\n<p>Due interessantissimi progetti, studiati per proporre ai giovani diplomati un\u2019offerta formativa di valore, che saranno visibili durante un <strong>evento di presentazione dell\u2019iniziativa Dote Merito in data da destinarsi. <\/strong><\/p>\n<h3 style=\"text-align: center;\"><span style=\"color: #000000;\"><span style=\"color: #ff0033;\"><strong>It&#8217;s China time!<\/strong> <\/span><strong><span style=\"color: #ff0033;\">Alla scoperta della perla d\u2019oriente: Shanghai\u00a0<\/span> <\/strong><\/span><\/h3>\n<h4 style=\"text-align: center;\"><span style=\"color: #000000;\">(Destinazione Mondo &#8211; Settore Turismo)<\/span><\/h4>\n<p><iframe loading=\"lazy\" width=\"1140\" height=\"641\" src=\"https:\/\/www.youtube.com\/embed\/8yl_VEOkguM?feature=oembed\" frameborder=\"0\" allow=\"accelerometer; autoplay; encrypted-media; gyroscope; picture-in-picture\" allowfullscreen><\/iframe><\/p>\n<p>Un viaggio in una delle citt\u00e0 pi\u00f9 grandi del mondo, <strong>Shanghai, a met\u00e0 tra tradizione cinese e avveniristici grattacieli<\/strong>.<\/p>\n<p>Il progetto \u00e8 finalizzato allo sviluppo di <strong>soft skills utili per affrontare gli studi universitari e l\u2019inizio di una vita professionale<\/strong>. L\u2019incontro con la cultura cinese \u00e8 volto all\u2019acquisizione di una maggiore <strong>apertura mentale<\/strong> e allo stimolo di una <strong>curiosit\u00e0 verso lo scenario internazionale<\/strong>.<\/p>\n<p><strong>Partenza<\/strong>: da luned\u00ec 27 agosto a luned\u00ec 3 settembre 2019<\/p>\n<h3 style=\"text-align: center;\"><span style=\"color: #000000;\"><strong><span style=\"color: #ff0033;\">Ireland is coming!\u00a0Imparare l\u2019inglese, ripercorrendo i luoghi di Game of Thrones<\/span> <\/strong><\/span><\/h3>\n<h4 style=\"text-align: center;\"><span style=\"color: #000000;\">(Destinazione Europa &#8211; Settore Lingue Straniere)<\/span><\/h4>\n<p><iframe loading=\"lazy\" width=\"1140\" height=\"641\" src=\"https:\/\/www.youtube.com\/embed\/18nWKry9Ols?feature=oembed\" frameborder=\"0\" allow=\"accelerometer; autoplay; encrypted-media; gyroscope; picture-in-picture\" allowfullscreen><\/iframe><\/p>\n<p>Un viaggio originale in <strong>Irlanda per imparare l\u2019inglese in modo innovativo, ripercorrendo i luoghi della celebre serie tv Game of Thrones <\/strong>in compagnia di un insegnante madrelingua.<\/p>\n<p>Il progetto \u00e8 finalizzato allo <strong>sviluppo di competenze di produzione orale e scritta e di comprensione della lingua inglese<\/strong>. L\u2019esperienza in gruppo \u00e8 finalizzata a stimolare l\u2019interazione e la supervisione dell\u2019insegnante garantisce l\u2019acquisizione di termini lessicali specifici e incoraggia la sperimentazione della comunicazione in lingua inglese.<\/p>\n<p><strong>Partenza<\/strong>: Da luned\u00ec 22 luglio 2019 a domenica 28 luglio 2019<\/p>\n<p><span style=\"border-radius: 2px; text-indent: 20px; width: auto; padding: 0px 4px 0px 0px; text-align: center; font: bold 11px\/20px 'Helvetica Neue',Helvetica,sans-serif; color: #ffffff; background: #bd081c no-repeat scroll 3px 50% \/ 14px 14px; position: absolute; opacity: 1; z-index: 8675309; display: none; cursor: pointer; top: 794px; left: 20px;\">Salva<\/span><\/p>\n<p><span style=\"border-radius: 2px; text-indent: 20px; width: auto; padding: 0px 4px 0px 0px; text-align: center; font: bold 11px\/20px 'Helvetica Neue',Helvetica,sans-serif; color: #ffffff; background: #bd081c no-repeat scroll 3px 50% \/ 14px 14px; position: absolute; opacity: 1; z-index: 8675309; display: none; cursor: pointer; top: 1791px; left: 20px;\">Salva<\/span><\/p>\n<p><span style=\"border-radius: 2px; text-indent: 20px; width: auto; padding: 0px 4px 0px 0px; text-align: center; font: bold 11px\/20px 'Helvetica Neue',Helvetica,sans-serif; color: #ffffff; background: #bd081c no-repeat scroll 3px 50% \/ 14px 14px; position: absolute; opacity: 1; z-index: 8675309; display: none; cursor: pointer;\">Salva<\/span><\/p>\n<p><span style=\"border-radius: 2px; text-indent: 20px; width: auto; padding: 0px 4px 0px 0px; text-align: center; font: bold 11px\/20px 'Helvetica Neue',Helvetica,sans-serif; color: #ffffff; background: #bd081c no-repeat scroll 3px 50% \/ 14px 14px; position: absolute; opacity: 1; z-index: 8675309; display: none; cursor: pointer; top: 930px; left: 20px;\">Salva<\/span><\/p>\n<p><span style=\"border-radius: 2px; text-indent: 20px; width: auto; padding: 0px 4px 0px 0px; text-align: center; font: bold 11px\/20px 'Helvetica Neue',Helvetica,sans-serif; color: #ffffff; background: #bd081c no-repeat scroll 3px 50% \/ 14px 14px; position: absolute; opacity: 1; z-index: 8675309; display: none; cursor: pointer; top: 2939px; left: 20px;\">Salva<\/span><\/p>\n","protected":false},"excerpt":{"rendered":"<p>Cos\u2019\u00e8 Dote Merito? Dote Merito \u00e8 una delle diverse componenti del progetto \u201cDote Scuola\u201d di Regione Lombardia, finalizzato a garantire il diritto allo studio e offrire ai giovani lombardi un aiuto concreto per la loro educazione. Attraverso Dote Merito, Regione Lombardia premia i diplomati meritevoli, offrendo loro l\u2019opportunit\u00e0 di prendere &#8230;<\/p>\n","protected":false},"author":4,"featured_media":4015,"comment_status":"open","ping_status":"open","sticky":false,"template":"","format":"standard","meta":{"footnotes":""},"categories":[141],"tags":[255,256,257],"yoast_head":"<!-- This site is optimized with the Yoast SEO plugin v22.1 - https:\/\/yoast.com\/wordpress\/plugins\/seo\/ -->\n<title>Cos&#039;\u00e8 Dote Merito di Regione Lombardia - FourStars<\/title>\n<meta name=\"description\" content=\"Dote Merito \u00e8 il progetto di Regione Lombardia che premia i diplomati meritevoli con un\u2019esperienza formativa in Italia, in Europa o nel Mondo\" \/>\n<meta name=\"robots\" content=\"index, follow, max-snippet:-1, max-image-preview:large, max-video-preview:-1\" \/>\n<link rel=\"canonical\" href=\"https:\/\/www.4stars.it\/blog\/cose-dote-merito-regione-lombardia\/\" \/>\n<meta property=\"og:locale\" content=\"it_IT\" \/>\n<meta property=\"og:type\" content=\"article\" \/>\n<meta property=\"og:title\" content=\"Cos&#039;\u00e8 Dote Merito di Regione Lombardia - FourStars\" \/>\n<meta property=\"og:description\" content=\"Dote Merito \u00e8 il progetto di Regione Lombardia che premia i diplomati meritevoli con un\u2019esperienza formativa in Italia, in Europa o nel Mondo\" \/>\n<meta property=\"og:url\" content=\"https:\/\/www.4stars.it\/blog\/cose-dote-merito-regione-lombardia\/\" \/>\n<meta property=\"og:site_name\" content=\"4S BLOG\" \/>\n<meta property=\"article:publisher\" content=\"https:\/\/www.facebook.com\/4stars.sportellostage\" \/>\n<meta property=\"article:published_time\" content=\"2018-10-24T17:00:04+00:00\" \/>\n<meta property=\"article:modified_time\" content=\"2019-03-08T08:38:52+00:00\" \/>\n<meta property=\"og:image\" content=\"https:\/\/www.4stars.it\/blog\/wp-content\/uploads\/2017\/10\/dotemeritoBlog-1.jpg\" \/>\n\t<meta property=\"og:image:width\" content=\"1800\" \/>\n\t<meta property=\"og:image:height\" content=\"500\" \/>\n\t<meta property=\"og:image:type\" content=\"image\/jpeg\" \/>\n<meta name=\"author\" content=\"FourStars\" \/>\n<meta name=\"twitter:card\" content=\"summary_large_image\" \/>\n<meta name=\"twitter:label1\" content=\"Scritto da\" \/>\n\t<meta name=\"twitter:data1\" content=\"FourStars\" \/>\n\t<meta name=\"twitter:label2\" content=\"Tempo di lettura stimato\" \/>\n\t<meta name=\"twitter:data2\" content=\"3 minuti\" \/>\n<script type=\"application\/ld+json\" class=\"yoast-schema-graph\">{\"@context\":\"https:\/\/schema.org\",\"@graph\":[{\"@type\":\"Article\",\"@id\":\"https:\/\/www.4stars.it\/blog\/cose-dote-merito-regione-lombardia\/#article\",\"isPartOf\":{\"@id\":\"https:\/\/www.4stars.it\/blog\/cose-dote-merito-regione-lombardia\/\"},\"author\":{\"name\":\"FourStars\",\"@id\":\"https:\/\/svil-www.4stars.it\/blog\/#\/schema\/person\/31a6660310b7cb08480644ac93dcf4b4\"},\"headline\":\"Cos&#8217;\u00e8 Dote Merito di Regione Lombardia\",\"datePublished\":\"2018-10-24T17:00:04+00:00\",\"dateModified\":\"2019-03-08T08:38:52+00:00\",\"mainEntityOfPage\":{\"@id\":\"https:\/\/www.4stars.it\/blog\/cose-dote-merito-regione-lombardia\/\"},\"wordCount\":532,\"commentCount\":1,\"publisher\":{\"@id\":\"https:\/\/svil-www.4stars.it\/blog\/#organization\"},\"keywords\":[\"Dote Merito\",\"Dote Scuola\",\"Formazione\"],\"articleSection\":[\"candidato\"],\"inLanguage\":\"it-IT\",\"potentialAction\":[{\"@type\":\"CommentAction\",\"name\":\"Comment\",\"target\":[\"https:\/\/www.4stars.it\/blog\/cose-dote-merito-regione-lombardia\/#respond\"]}]},{\"@type\":\"WebPage\",\"@id\":\"https:\/\/www.4stars.it\/blog\/cose-dote-merito-regione-lombardia\/\",\"url\":\"https:\/\/www.4stars.it\/blog\/cose-dote-merito-regione-lombardia\/\",\"name\":\"Cos'\u00e8 Dote Merito di Regione Lombardia - FourStars\",\"isPartOf\":{\"@id\":\"https:\/\/svil-www.4stars.it\/blog\/#website\"},\"datePublished\":\"2018-10-24T17:00:04+00:00\",\"dateModified\":\"2019-03-08T08:38:52+00:00\",\"description\":\"Dote Merito \u00e8 il progetto di Regione Lombardia che premia i diplomati meritevoli con un\u2019esperienza formativa in Italia, in Europa o nel Mondo\",\"breadcrumb\":{\"@id\":\"https:\/\/www.4stars.it\/blog\/cose-dote-merito-regione-lombardia\/#breadcrumb\"},\"inLanguage\":\"it-IT\",\"potentialAction\":[{\"@type\":\"ReadAction\",\"target\":[\"https:\/\/www.4stars.it\/blog\/cose-dote-merito-regione-lombardia\/\"]}]},{\"@type\":\"BreadcrumbList\",\"@id\":\"https:\/\/www.4stars.it\/blog\/cose-dote-merito-regione-lombardia\/#breadcrumb\",\"itemListElement\":[{\"@type\":\"ListItem\",\"position\":1,\"name\":\"Home\",\"item\":\"https:\/\/www.4stars.it\/blog\/\"},{\"@type\":\"ListItem\",\"position\":2,\"name\":\"Cos&#8217;\u00e8 Dote Merito di Regione Lombardia\"}]},{\"@type\":\"WebSite\",\"@id\":\"https:\/\/svil-www.4stars.it\/blog\/#website\",\"url\":\"https:\/\/svil-www.4stars.it\/blog\/\",\"name\":\"4S BLOG\",\"description\":\"Stage e Lavoro\",\"publisher\":{\"@id\":\"https:\/\/svil-www.4stars.it\/blog\/#organization\"},\"potentialAction\":[{\"@type\":\"SearchAction\",\"target\":{\"@type\":\"EntryPoint\",\"urlTemplate\":\"https:\/\/svil-www.4stars.it\/blog\/?s={search_term_string}\"},\"query-input\":\"required name=search_term_string\"}],\"inLanguage\":\"it-IT\"},{\"@type\":\"Organization\",\"@id\":\"https:\/\/svil-www.4stars.it\/blog\/#organization\",\"name\":\"4S BLOG\",\"url\":\"https:\/\/svil-www.4stars.it\/blog\/\",\"logo\":{\"@type\":\"ImageObject\",\"inLanguage\":\"it-IT\",\"@id\":\"https:\/\/svil-www.4stars.it\/blog\/#\/schema\/logo\/image\/\",\"url\":\"https:\/\/www.4stars.it\/blog\/wp-content\/uploads\/2022\/11\/4stars_logo_payoff-2.png\",\"contentUrl\":\"https:\/\/www.4stars.it\/blog\/wp-content\/uploads\/2022\/11\/4stars_logo_payoff-2.png\",\"width\":1000,\"height\":502,\"caption\":\"4S BLOG\"},\"image\":{\"@id\":\"https:\/\/svil-www.4stars.it\/blog\/#\/schema\/logo\/image\/\"},\"sameAs\":[\"https:\/\/www.facebook.com\/4stars.sportellostage\",\"https:\/\/www.linkedin.com\/company\/fourstars-sportellostage\/\",\"https:\/\/www.instagram.com\/4stars_stage_lavoro\/\"]},{\"@type\":\"Person\",\"@id\":\"https:\/\/svil-www.4stars.it\/blog\/#\/schema\/person\/31a6660310b7cb08480644ac93dcf4b4\",\"name\":\"FourStars\"}]}<\/script>\n<!-- \/ Yoast SEO plugin. -->","yoast_head_json":{"title":"Cos'\u00e8 Dote Merito di Regione Lombardia - FourStars","description":"Dote Merito \u00e8 il progetto di Regione Lombardia che premia i diplomati meritevoli con un\u2019esperienza formativa in Italia, in Europa o nel Mondo","robots":{"index":"index","follow":"follow","max-snippet":"max-snippet:-1","max-image-preview":"max-image-preview:large","max-video-preview":"max-video-preview:-1"},"canonical":"https:\/\/www.4stars.it\/blog\/cose-dote-merito-regione-lombardia\/","og_locale":"it_IT","og_type":"article","og_title":"Cos'\u00e8 Dote Merito di Regione Lombardia - FourStars","og_description":"Dote Merito \u00e8 il progetto di Regione Lombardia che premia i diplomati meritevoli con un\u2019esperienza formativa in Italia, in Europa o nel Mondo","og_url":"https:\/\/www.4stars.it\/blog\/cose-dote-merito-regione-lombardia\/","og_site_name":"4S BLOG","article_publisher":"https:\/\/www.facebook.com\/4stars.sportellostage","article_published_time":"2018-10-24T17:00:04+00:00","article_modified_time":"2019-03-08T08:38:52+00:00","og_image":[{"width":1800,"height":500,"url":"https:\/\/www.4stars.it\/blog\/wp-content\/uploads\/2017\/10\/dotemeritoBlog-1.jpg","type":"image\/jpeg"}],"author":"FourStars","twitter_card":"summary_large_image","twitter_misc":{"Scritto da":"FourStars","Tempo di lettura stimato":"3 minuti"},"schema":{"@context":"https:\/\/schema.org","@graph":[{"@type":"Article","@id":"https:\/\/www.4stars.it\/blog\/cose-dote-merito-regione-lombardia\/#article","isPartOf":{"@id":"https:\/\/www.4stars.it\/blog\/cose-dote-merito-regione-lombardia\/"},"author":{"name":"FourStars","@id":"https:\/\/svil-www.4stars.it\/blog\/#\/schema\/person\/31a6660310b7cb08480644ac93dcf4b4"},"headline":"Cos&#8217;\u00e8 Dote Merito di Regione Lombardia","datePublished":"2018-10-24T17:00:04+00:00","dateModified":"2019-03-08T08:38:52+00:00","mainEntityOfPage":{"@id":"https:\/\/www.4stars.it\/blog\/cose-dote-merito-regione-lombardia\/"},"wordCount":532,"commentCount":1,"publisher":{"@id":"https:\/\/svil-www.4stars.it\/blog\/#organization"},"keywords":["Dote Merito","Dote Scuola","Formazione"],"articleSection":["candidato"],"inLanguage":"it-IT","potentialAction":[{"@type":"CommentAction","name":"Comment","target":["https:\/\/www.4stars.it\/blog\/cose-dote-merito-regione-lombardia\/#respond"]}]},{"@type":"WebPage","@id":"https:\/\/www.4stars.it\/blog\/cose-dote-merito-regione-lombardia\/","url":"https:\/\/www.4stars.it\/blog\/cose-dote-merito-regione-lombardia\/","name":"Cos'\u00e8 Dote Merito di Regione Lombardia - FourStars","isPartOf":{"@id":"https:\/\/svil-www.4stars.it\/blog\/#website"},"datePublished":"2018-10-24T17:00:04+00:00","dateModified":"2019-03-08T08:38:52+00:00","description":"Dote Merito \u00e8 il progetto di Regione Lombardia che premia i diplomati meritevoli con un\u2019esperienza formativa in Italia, in Europa o nel Mondo","breadcrumb":{"@id":"https:\/\/www.4stars.it\/blog\/cose-dote-merito-regione-lombardia\/#breadcrumb"},"inLanguage":"it-IT","potentialAction":[{"@type":"ReadAction","target":["https:\/\/www.4stars.it\/blog\/cose-dote-merito-regione-lombardia\/"]}]},{"@type":"BreadcrumbList","@id":"https:\/\/www.4stars.it\/blog\/cose-dote-merito-regione-lombardia\/#breadcrumb","itemListElement":[{"@type":"ListItem","position":1,"name":"Home","item":"https:\/\/www.4stars.it\/blog\/"},{"@type":"ListItem","position":2,"name":"Cos&#8217;\u00e8 Dote Merito di Regione Lombardia"}]},{"@type":"WebSite","@id":"https:\/\/svil-www.4stars.it\/blog\/#website","url":"https:\/\/svil-www.4stars.it\/blog\/","name":"4S BLOG","description":"Stage e Lavoro","publisher":{"@id":"https:\/\/svil-www.4stars.it\/blog\/#organization"},"potentialAction":[{"@type":"SearchAction","target":{"@type":"EntryPoint","urlTemplate":"https:\/\/svil-www.4stars.it\/blog\/?s={search_term_string}"},"query-input":"required name=search_term_string"}],"inLanguage":"it-IT"},{"@type":"Organization","@id":"https:\/\/svil-www.4stars.it\/blog\/#organization","name":"4S BLOG","url":"https:\/\/svil-www.4stars.it\/blog\/","logo":{"@type":"ImageObject","inLanguage":"it-IT","@id":"https:\/\/svil-www.4stars.it\/blog\/#\/schema\/logo\/image\/","url":"https:\/\/www.4stars.it\/blog\/wp-content\/uploads\/2022\/11\/4stars_logo_payoff-2.png","contentUrl":"https:\/\/www.4stars.it\/blog\/wp-content\/uploads\/2022\/11\/4stars_logo_payoff-2.png","width":1000,"height":502,"caption":"4S BLOG"},"image":{"@id":"https:\/\/svil-www.4stars.it\/blog\/#\/schema\/logo\/image\/"},"sameAs":["https:\/\/www.facebook.com\/4stars.sportellostage","https:\/\/www.linkedin.com\/company\/fourstars-sportellostage\/","https:\/\/www.instagram.com\/4stars_stage_lavoro\/"]},{"@type":"Person","@id":"https:\/\/svil-www.4stars.it\/blog\/#\/schema\/person\/31a6660310b7cb08480644ac93dcf4b4","name":"FourStars"}]}},"_links":{"self":[{"href":"https:\/\/www.4stars.it\/blog\/wp-json\/wp\/v2\/posts\/4011"}],"collection":[{"href":"https:\/\/www.4stars.it\/blog\/wp-json\/wp\/v2\/posts"}],"about":[{"href":"https:\/\/www.4stars.it\/blog\/wp-json\/wp\/v2\/types\/post"}],"author":[{"embeddable":true,"href":"https:\/\/www.4stars.it\/blog\/wp-json\/wp\/v2\/users\/4"}],"replies":[{"embeddable":true,"href":"https:\/\/www.4stars.it\/blog\/wp-json\/wp\/v2\/comments?post=4011"}],"version-history":[{"count":68,"href":"https:\/\/www.4stars.it\/blog\/wp-json\/wp\/v2\/posts\/4011\/revisions"}],"predecessor-version":[{"id":6449,"href":"https:\/\/www.4stars.it\/blog\/wp-json\/wp\/v2\/posts\/4011\/revisions\/6449"}],"wp:featuredmedia":[{"embeddable":true,"href":"https:\/\/www.4stars.it\/blog\/wp-json\/wp\/v2\/media\/4015"}],"wp:attachment":[{"href":"https:\/\/www.4stars.it\/blog\/wp-json\/wp\/v2\/media?parent=4011"}],"wp:term":[{"taxonomy":"category","embeddable":true,"href":"https:\/\/www.4stars.it\/blog\/wp-json\/wp\/v2\/categories?post=4011"},{"taxonomy":"post_tag","embeddable":true,"href":"https:\/\/www.4stars.it\/blog\/wp-json\/wp\/v2\/tags?post=4011"}],"curies":[{"name":"wp","href":"https:\/\/api.w.org\/{rel}","templated":true}]}}