{"id":5245,"date":"2018-07-24T09:15:03","date_gmt":"2018-07-24T09:15:03","guid":{"rendered":"https:\/\/www.4stars.it\/blog\/?p=5245"},"modified":"2019-08-28T15:46:11","modified_gmt":"2019-08-28T15:46:11","slug":"jessica-ducci-social-media","status":"publish","type":"post","link":"https:\/\/www.4stars.it\/blog\/jessica-ducci-social-media\/","title":{"rendered":"Intervista a Jessica Ducci &#8211; Social Media"},"content":{"rendered":"<h4><span style=\"color: #808080;\">Incontriamo i professionisti che ogni giorno lavorano all\u2019interno delle diverse aree di FourStars. Nell\u2019intervista di oggi conosciamo Jessica Ducci, a capo delle attivit\u00e0 social: ci racconter\u00e0 il suo percorso, come si svolge il lavoro di un Social Media Manager e ci spiegher\u00e0 l\u2019importanza che i social media assumono nelle attivit\u00e0 di comunicazione aziendale.<\/span><\/h4>\n<p>&nbsp;<\/p>\n<h4><span style=\"color: #000000;\"><strong>Avevi considerato tra i tuoi obiettivi professionali un lavoro nell\u2019ambito dei Social Media? Come sei arrivata a inserirti in questo settore?<\/strong><\/span><\/h4>\n<p>Sicuramente il corso di laurea che ho scelto, in Linguaggi dei Media, mi ha fatto appassionare al mondo della digital communication, tant\u2019\u00e8 che <strong>durante gli anni di universit\u00e0 ho anche iniziato a coltivare questo interesse, con un piccolo blog sul make-up naturale e fai da te<\/strong>. Mi divertivo molto a condividere i miei articoli e le novit\u00e0 tramite i social media!<\/p>\n<p>Questa mia passione non mi ha mai abbandonata, anzi, <strong>mi ha spinta a desiderare di trovare un lavoro che mi portasse un giorno a gestire i social media all\u2019interno di un\u2019azienda<\/strong>.<\/p>\n<p>In FourStars sono Social Media Manager e mi occupo di gestire la <strong>comunicazione su Facebook, Twitter, Linkedin, Instagram, Pinterest e Youtube<\/strong>. Seguo inoltre le <strong>attivit\u00e0 legate all\u2019Email Marketing e le campagne Google Adwords.<\/strong><\/p>\n<p>In stretta collaborazione con il team Comunicazione gestisco e <strong>aggiorno i siti e i blog aziendali <\/strong>(correlati alle attivit\u00e0 di FourStars Italia e al progetto Stage in Cina). Inoltre <strong>analizzo le statistiche e i dati relativi agli accessi degli utenti<\/strong> al sito, utilizzando strumenti di Analytics.<\/p>\n<p>Da poco infine seguo le <strong>attivit\u00e0 legate ai nuovi regolamenti per la Privacy e il Trattamento dei dati personali<\/strong>.<\/p>\n<h4><span style=\"color: #000000;\"><strong>Credi che nell\u2019immaginario collettivo il ruolo del Social Media Manager sia sottovalutato? Cosa significa realmente occuparsi di social media?<\/strong><\/span><\/h4>\n<p>S\u00ec, credo che spesso il ruolo che ricopro possa essere sottovalutato. Molti pensano che i social media manager perdano tempo su internet tutto il giorno.<\/p>\n<p>Sono convinta invece che il compito di un social media manager sia molto importante: l\u2019obiettivo finale \u00e8 quello di <strong>promuovere e sviluppare online la presenza di un\u2019azienda con i suoi prodotti e servizi<\/strong>.<\/p>\n<p>Ogni azione necessita di <strong>pianificazione, strategia e monitoraggio<\/strong>. Non pu\u00f2 essere svolta nei ritagli di tempo e non si limita a semplici post o tweet online.<\/p>\n<h4><span style=\"color: #000000;\"><strong>Che cosa ti piace di pi\u00f9 del tuo lavoro?<\/strong><\/span><\/h4>\n<p>Quello che mi piace di pi\u00f9 del mio lavoro \u00e8 <strong>il costante aggiornamento. \u00c8 un settore veloce, flessibile e in continua evoluzione<\/strong>.<\/p>\n<p>Proprio per questo, ti stimola a rimanere attivo e costantemente al passo. Mi piacciono molto <strong>le novit\u00e0, la creativit\u00e0, restare sempre connessa<\/strong>. Sono molto Millennial in questo!<\/p>\n<h4><span style=\"color: #000000;\"><strong>Credi che sia utile per le aziende che operano in ambito HR avere una figura interna dedicata ai Social Media?<\/strong><\/span><\/h4>\n<p>Credo che un Social Media Manager interno all\u2019azienda aiuti molto nella comunicazione, in quanto \u00e8 importante conoscere bene la realt\u00e0 e il contesto in cui si opera.<\/p>\n<p>In ambito HR, <strong>un Social Media Manager interno pu\u00f2 fornire spunti utili per la formazione e l\u2019aggiornamento dei recruiter<\/strong>, guidandoli nell\u2019utilizzo professionale dei social network, di LinkedIn in particolare.<\/p>\n<h4><span style=\"color: #000000;\"><strong>C\u2019\u00e8 un social che preferisci o che ritieni pi\u00f9 utile per il genere di attivit\u00e0 che svolgi ogni giorno?<\/strong><\/span><\/h4>\n<p>Il social pi\u00f9 importante <strong>nel mio settore \u00e8 sicuramente<\/strong> <strong>LinkedIn<\/strong>, punto di riferimento per aziende e candidati in cerca di lavoro.<\/p>\n<p>Personalmente per\u00f2 <strong>il social che preferisco \u00e8 Instagram<\/strong>, una vetrina attraverso la quale mostrare il proprio punto di vista utilizzando la forza dell\u2019immagine.<\/p>\n<h4><span style=\"color: #000000;\"><strong>Con quali altre figure professionali collabori quotidianamente in FourStars?<\/strong><\/span><\/h4>\n<p>Ogni giorno collaboro con le figure che operano nel team comunicazione: il <strong>Direttore Marketing<\/strong>, il <strong>Graphic Designer<\/strong> e il <strong>Content Editor<\/strong>.<\/p>\n<p>Tuttavia, dal momento che uno dei miei compiti \u00e8 quello di promuovere tutti i servizi dell\u2019azienda, <strong>collaboro spesso anche con i responsabili delle diverse aree aziendali<\/strong>. \u00a0A volte sono proprio come il prezzemolo!<\/p>\n<h4><strong><span style=\"color: #000000;\">Quali sono gli strumenti principali che utilizzi e a cui non puoi rinunciare per svolgere il tuo lavoro?<\/span> <\/strong><\/h4>\n<p>A parte ovviamente i social aziendali, utilizzo ogni giorno programmi per la pianificazione dei post sui canali; siti per analizzare il traffico e piattaforme per l&#8217;Email Marketing.<\/p>\n<p>Un altro strumento che <strong>non pu\u00f2 mancare mai: il calendario del Mac!<\/strong> Indispensabile per strutturare e decidere i contenuti e i giorni di pubblicazione.<\/p>\n<h4><span style=\"color: #000000;\"><strong>Quali sono le hard e soft skills di un Social Media Manager?<\/strong><\/span><\/h4>\n<p>Sicuramente un Social Media Manager deve possedere un\u2019approfondita <strong>conoscenza delle piattaforme online<\/strong>. Deve padroneggiare le <strong>informazioni base del marketing, buone abilit\u00e0 di scrittura e di linguaggio<\/strong>. In alcune aziende \u00e8 necessario che conosca la lingua inglese.<\/p>\n<p>Per quanto riguarda le Soft skills, credo che le pi\u00f9 importanti siano <strong>la capacit\u00e0 di organizzazione, la gestione del tempo e delle situazioni di stress, l\u2019autonomia, il team working e soprattutto il multitasking!<\/strong><\/p>\n<h4><span style=\"color: #000000;\"><strong>Come gestisci il tuo Work Life Balance?<\/strong><\/span><\/h4>\n<p>Quando esco dall\u2019ufficio, cerco di non pensare al lavoro. Ovviamente non \u00e8 sempre possibile, ma <strong>cerco di separare i due ambiti per poter staccare la spina.<\/strong><\/p>\n<p>Attribuisco molta importanza alla mia vita privata e ai miei interessi: il cinema, la fotografia, la lettura, la natura, i viaggi. Credo che non esista una formula magica universale, ma \u00e8 importante per me <strong>cercare di apprezzare anche le pi\u00f9 piccole cose ed essere consapevole di ogni singolo momento<\/strong>.<\/p>\n<h4><span style=\"color: #000000;\"><strong>Qual \u00e8 il tuo sogno nel cassetto professionale?<\/strong><\/span><\/h4>\n<p>Continuare a lavorare in questo ambito, specializzandomi e padroneggiando i molteplici strumenti di questo mestiere. Mi piacerebbe un giorno <strong>organizzare dei corsi di formazione sul Social Media Marketing<\/strong>.<\/p>\n","protected":false},"excerpt":{"rendered":"<p>Incontriamo i professionisti che ogni giorno lavorano all\u2019interno delle diverse aree di FourStars. Nell\u2019intervista di oggi conosciamo Jessica Ducci, a capo delle attivit\u00e0 social: ci racconter\u00e0 il suo percorso, come si svolge il lavoro di un Social Media Manager e ci spiegher\u00e0 l\u2019importanza che i social media assumono nelle attivit\u00e0 &#8230;<\/p>\n","protected":false},"author":4,"featured_media":5250,"comment_status":"open","ping_status":"open","sticky":false,"template":"","format":"standard","meta":{"footnotes":""},"categories":[247],"tags":[16,58,59,170],"yoast_head":"<!-- This site is optimized with the Yoast SEO plugin v22.1 - https:\/\/yoast.com\/wordpress\/plugins\/seo\/ -->\n<title>Intervista a Jessica Ducci - Social Media - FourStars Blog<\/title>\n<meta name=\"description\" content=\"Incontriamo i professionisti che lavorano all\u2019interno di FourStars. Oggi conosciamo Jessica Ducci, a capo delle attivit\u00e0 social media.\" \/>\n<meta name=\"robots\" content=\"index, follow, max-snippet:-1, max-image-preview:large, max-video-preview:-1\" \/>\n<link rel=\"canonical\" href=\"https:\/\/www.4stars.it\/blog\/jessica-ducci-social-media\/\" \/>\n<meta property=\"og:locale\" content=\"it_IT\" \/>\n<meta property=\"og:type\" content=\"article\" \/>\n<meta property=\"og:title\" content=\"Intervista a Jessica Ducci - Social Media - FourStars Blog\" \/>\n<meta property=\"og:description\" content=\"Incontriamo i professionisti che lavorano all\u2019interno di FourStars. Oggi conosciamo Jessica Ducci, a capo delle attivit\u00e0 social media.\" \/>\n<meta property=\"og:url\" content=\"https:\/\/svil-www.4stars.it\/blog\/jessica-ducci-social-media\/\" \/>\n<meta property=\"og:site_name\" content=\"4S BLOG\" \/>\n<meta property=\"article:publisher\" content=\"https:\/\/www.facebook.com\/4stars.sportellostage\" \/>\n<meta property=\"article:published_time\" content=\"2018-07-24T09:15:03+00:00\" \/>\n<meta property=\"article:modified_time\" content=\"2019-08-28T15:46:11+00:00\" \/>\n<meta property=\"og:image\" content=\"https:\/\/svil-www.4stars.it\/blog\/wp-content\/uploads\/2018\/07\/JessiBlog.jpg\" \/>\n\t<meta property=\"og:image:width\" content=\"1800\" \/>\n\t<meta property=\"og:image:height\" content=\"500\" \/>\n\t<meta property=\"og:image:type\" content=\"image\/jpeg\" \/>\n<meta name=\"author\" content=\"FourStars\" \/>\n<meta name=\"twitter:card\" content=\"summary_large_image\" \/>\n<meta name=\"twitter:label1\" content=\"Scritto da\" \/>\n\t<meta name=\"twitter:data1\" content=\"FourStars\" \/>\n\t<meta name=\"twitter:label2\" content=\"Tempo di lettura stimato\" \/>\n\t<meta name=\"twitter:data2\" content=\"5 minuti\" \/>\n<script type=\"application\/ld+json\" class=\"yoast-schema-graph\">{\"@context\":\"https:\/\/schema.org\",\"@graph\":[{\"@type\":\"Article\",\"@id\":\"https:\/\/svil-www.4stars.it\/blog\/jessica-ducci-social-media\/#article\",\"isPartOf\":{\"@id\":\"https:\/\/svil-www.4stars.it\/blog\/jessica-ducci-social-media\/\"},\"author\":{\"name\":\"FourStars\",\"@id\":\"https:\/\/svil-www.4stars.it\/blog\/#\/schema\/person\/31a6660310b7cb08480644ac93dcf4b4\"},\"headline\":\"Intervista a Jessica Ducci &#8211; Social Media\",\"datePublished\":\"2018-07-24T09:15:03+00:00\",\"dateModified\":\"2019-08-28T15:46:11+00:00\",\"mainEntityOfPage\":{\"@id\":\"https:\/\/svil-www.4stars.it\/blog\/jessica-ducci-social-media\/\"},\"wordCount\":939,\"commentCount\":0,\"publisher\":{\"@id\":\"https:\/\/svil-www.4stars.it\/blog\/#organization\"},\"keywords\":[\"Consigli lavoro\",\"Professioni\",\"Social media\",\"Social media Manager\"],\"articleSection\":[\"Inside FourStars\"],\"inLanguage\":\"it-IT\",\"potentialAction\":[{\"@type\":\"CommentAction\",\"name\":\"Comment\",\"target\":[\"https:\/\/svil-www.4stars.it\/blog\/jessica-ducci-social-media\/#respond\"]}]},{\"@type\":\"WebPage\",\"@id\":\"https:\/\/svil-www.4stars.it\/blog\/jessica-ducci-social-media\/\",\"url\":\"https:\/\/svil-www.4stars.it\/blog\/jessica-ducci-social-media\/\",\"name\":\"Intervista a Jessica Ducci - Social Media - FourStars Blog\",\"isPartOf\":{\"@id\":\"https:\/\/svil-www.4stars.it\/blog\/#website\"},\"datePublished\":\"2018-07-24T09:15:03+00:00\",\"dateModified\":\"2019-08-28T15:46:11+00:00\",\"description\":\"Incontriamo i professionisti che lavorano all\u2019interno di FourStars. Oggi conosciamo Jessica Ducci, a capo delle attivit\u00e0 social media.\",\"breadcrumb\":{\"@id\":\"https:\/\/svil-www.4stars.it\/blog\/jessica-ducci-social-media\/#breadcrumb\"},\"inLanguage\":\"it-IT\",\"potentialAction\":[{\"@type\":\"ReadAction\",\"target\":[\"https:\/\/svil-www.4stars.it\/blog\/jessica-ducci-social-media\/\"]}]},{\"@type\":\"BreadcrumbList\",\"@id\":\"https:\/\/svil-www.4stars.it\/blog\/jessica-ducci-social-media\/#breadcrumb\",\"itemListElement\":[{\"@type\":\"ListItem\",\"position\":1,\"name\":\"Home\",\"item\":\"https:\/\/www.4stars.it\/blog\/\"},{\"@type\":\"ListItem\",\"position\":2,\"name\":\"Intervista a Jessica Ducci &#8211; Social Media\"}]},{\"@type\":\"WebSite\",\"@id\":\"https:\/\/svil-www.4stars.it\/blog\/#website\",\"url\":\"https:\/\/svil-www.4stars.it\/blog\/\",\"name\":\"4S BLOG\",\"description\":\"Stage e Lavoro\",\"publisher\":{\"@id\":\"https:\/\/svil-www.4stars.it\/blog\/#organization\"},\"potentialAction\":[{\"@type\":\"SearchAction\",\"target\":{\"@type\":\"EntryPoint\",\"urlTemplate\":\"https:\/\/svil-www.4stars.it\/blog\/?s={search_term_string}\"},\"query-input\":\"required name=search_term_string\"}],\"inLanguage\":\"it-IT\"},{\"@type\":\"Organization\",\"@id\":\"https:\/\/svil-www.4stars.it\/blog\/#organization\",\"name\":\"4S BLOG\",\"url\":\"https:\/\/svil-www.4stars.it\/blog\/\",\"logo\":{\"@type\":\"ImageObject\",\"inLanguage\":\"it-IT\",\"@id\":\"https:\/\/svil-www.4stars.it\/blog\/#\/schema\/logo\/image\/\",\"url\":\"https:\/\/www.4stars.it\/blog\/wp-content\/uploads\/2022\/11\/4stars_logo_payoff-2.png\",\"contentUrl\":\"https:\/\/www.4stars.it\/blog\/wp-content\/uploads\/2022\/11\/4stars_logo_payoff-2.png\",\"width\":1000,\"height\":502,\"caption\":\"4S BLOG\"},\"image\":{\"@id\":\"https:\/\/svil-www.4stars.it\/blog\/#\/schema\/logo\/image\/\"},\"sameAs\":[\"https:\/\/www.facebook.com\/4stars.sportellostage\",\"https:\/\/www.linkedin.com\/company\/fourstars-sportellostage\/\",\"https:\/\/www.instagram.com\/4stars_stage_lavoro\/\"]},{\"@type\":\"Person\",\"@id\":\"https:\/\/svil-www.4stars.it\/blog\/#\/schema\/person\/31a6660310b7cb08480644ac93dcf4b4\",\"name\":\"FourStars\"}]}<\/script>\n<!-- \/ Yoast SEO plugin. -->","yoast_head_json":{"title":"Intervista a Jessica Ducci - Social Media - FourStars Blog","description":"Incontriamo i professionisti che lavorano all\u2019interno di FourStars. Oggi conosciamo Jessica Ducci, a capo delle attivit\u00e0 social media.","robots":{"index":"index","follow":"follow","max-snippet":"max-snippet:-1","max-image-preview":"max-image-preview:large","max-video-preview":"max-video-preview:-1"},"canonical":"https:\/\/www.4stars.it\/blog\/jessica-ducci-social-media\/","og_locale":"it_IT","og_type":"article","og_title":"Intervista a Jessica Ducci - Social Media - FourStars Blog","og_description":"Incontriamo i professionisti che lavorano all\u2019interno di FourStars. Oggi conosciamo Jessica Ducci, a capo delle attivit\u00e0 social media.","og_url":"https:\/\/svil-www.4stars.it\/blog\/jessica-ducci-social-media\/","og_site_name":"4S BLOG","article_publisher":"https:\/\/www.facebook.com\/4stars.sportellostage","article_published_time":"2018-07-24T09:15:03+00:00","article_modified_time":"2019-08-28T15:46:11+00:00","og_image":[{"width":1800,"height":500,"url":"https:\/\/svil-www.4stars.it\/blog\/wp-content\/uploads\/2018\/07\/JessiBlog.jpg","type":"image\/jpeg"}],"author":"FourStars","twitter_card":"summary_large_image","twitter_misc":{"Scritto da":"FourStars","Tempo di lettura stimato":"5 minuti"},"schema":{"@context":"https:\/\/schema.org","@graph":[{"@type":"Article","@id":"https:\/\/svil-www.4stars.it\/blog\/jessica-ducci-social-media\/#article","isPartOf":{"@id":"https:\/\/svil-www.4stars.it\/blog\/jessica-ducci-social-media\/"},"author":{"name":"FourStars","@id":"https:\/\/svil-www.4stars.it\/blog\/#\/schema\/person\/31a6660310b7cb08480644ac93dcf4b4"},"headline":"Intervista a Jessica Ducci &#8211; Social Media","datePublished":"2018-07-24T09:15:03+00:00","dateModified":"2019-08-28T15:46:11+00:00","mainEntityOfPage":{"@id":"https:\/\/svil-www.4stars.it\/blog\/jessica-ducci-social-media\/"},"wordCount":939,"commentCount":0,"publisher":{"@id":"https:\/\/svil-www.4stars.it\/blog\/#organization"},"keywords":["Consigli lavoro","Professioni","Social media","Social media Manager"],"articleSection":["Inside FourStars"],"inLanguage":"it-IT","potentialAction":[{"@type":"CommentAction","name":"Comment","target":["https:\/\/svil-www.4stars.it\/blog\/jessica-ducci-social-media\/#respond"]}]},{"@type":"WebPage","@id":"https:\/\/svil-www.4stars.it\/blog\/jessica-ducci-social-media\/","url":"https:\/\/svil-www.4stars.it\/blog\/jessica-ducci-social-media\/","name":"Intervista a Jessica Ducci - Social Media - FourStars Blog","isPartOf":{"@id":"https:\/\/svil-www.4stars.it\/blog\/#website"},"datePublished":"2018-07-24T09:15:03+00:00","dateModified":"2019-08-28T15:46:11+00:00","description":"Incontriamo i professionisti che lavorano all\u2019interno di FourStars. Oggi conosciamo Jessica Ducci, a capo delle attivit\u00e0 social media.","breadcrumb":{"@id":"https:\/\/svil-www.4stars.it\/blog\/jessica-ducci-social-media\/#breadcrumb"},"inLanguage":"it-IT","potentialAction":[{"@type":"ReadAction","target":["https:\/\/svil-www.4stars.it\/blog\/jessica-ducci-social-media\/"]}]},{"@type":"BreadcrumbList","@id":"https:\/\/svil-www.4stars.it\/blog\/jessica-ducci-social-media\/#breadcrumb","itemListElement":[{"@type":"ListItem","position":1,"name":"Home","item":"https:\/\/www.4stars.it\/blog\/"},{"@type":"ListItem","position":2,"name":"Intervista a Jessica Ducci &#8211; Social Media"}]},{"@type":"WebSite","@id":"https:\/\/svil-www.4stars.it\/blog\/#website","url":"https:\/\/svil-www.4stars.it\/blog\/","name":"4S BLOG","description":"Stage e Lavoro","publisher":{"@id":"https:\/\/svil-www.4stars.it\/blog\/#organization"},"potentialAction":[{"@type":"SearchAction","target":{"@type":"EntryPoint","urlTemplate":"https:\/\/svil-www.4stars.it\/blog\/?s={search_term_string}"},"query-input":"required name=search_term_string"}],"inLanguage":"it-IT"},{"@type":"Organization","@id":"https:\/\/svil-www.4stars.it\/blog\/#organization","name":"4S BLOG","url":"https:\/\/svil-www.4stars.it\/blog\/","logo":{"@type":"ImageObject","inLanguage":"it-IT","@id":"https:\/\/svil-www.4stars.it\/blog\/#\/schema\/logo\/image\/","url":"https:\/\/www.4stars.it\/blog\/wp-content\/uploads\/2022\/11\/4stars_logo_payoff-2.png","contentUrl":"https:\/\/www.4stars.it\/blog\/wp-content\/uploads\/2022\/11\/4stars_logo_payoff-2.png","width":1000,"height":502,"caption":"4S BLOG"},"image":{"@id":"https:\/\/svil-www.4stars.it\/blog\/#\/schema\/logo\/image\/"},"sameAs":["https:\/\/www.facebook.com\/4stars.sportellostage","https:\/\/www.linkedin.com\/company\/fourstars-sportellostage\/","https:\/\/www.instagram.com\/4stars_stage_lavoro\/"]},{"@type":"Person","@id":"https:\/\/svil-www.4stars.it\/blog\/#\/schema\/person\/31a6660310b7cb08480644ac93dcf4b4","name":"FourStars"}]}},"_links":{"self":[{"href":"https:\/\/www.4stars.it\/blog\/wp-json\/wp\/v2\/posts\/5245"}],"collection":[{"href":"https:\/\/www.4stars.it\/blog\/wp-json\/wp\/v2\/posts"}],"about":[{"href":"https:\/\/www.4stars.it\/blog\/wp-json\/wp\/v2\/types\/post"}],"author":[{"embeddable":true,"href":"https:\/\/www.4stars.it\/blog\/wp-json\/wp\/v2\/users\/4"}],"replies":[{"embeddable":true,"href":"https:\/\/www.4stars.it\/blog\/wp-json\/wp\/v2\/comments?post=5245"}],"version-history":[{"count":31,"href":"https:\/\/www.4stars.it\/blog\/wp-json\/wp\/v2\/posts\/5245\/revisions"}],"predecessor-version":[{"id":7587,"href":"https:\/\/www.4stars.it\/blog\/wp-json\/wp\/v2\/posts\/5245\/revisions\/7587"}],"wp:featuredmedia":[{"embeddable":true,"href":"https:\/\/www.4stars.it\/blog\/wp-json\/wp\/v2\/media\/5250"}],"wp:attachment":[{"href":"https:\/\/www.4stars.it\/blog\/wp-json\/wp\/v2\/media?parent=5245"}],"wp:term":[{"taxonomy":"category","embeddable":true,"href":"https:\/\/www.4stars.it\/blog\/wp-json\/wp\/v2\/categories?post=5245"},{"taxonomy":"post_tag","embeddable":true,"href":"https:\/\/www.4stars.it\/blog\/wp-json\/wp\/v2\/tags?post=5245"}],"curies":[{"name":"wp","href":"https:\/\/api.w.org\/{rel}","templated":true}]}}