{"id":6999,"date":"2019-06-19T07:53:25","date_gmt":"2019-06-19T07:53:25","guid":{"rendered":"https:\/\/www.4stars.it\/blog\/?p=6999"},"modified":"2019-08-28T15:58:22","modified_gmt":"2019-08-28T15:58:22","slug":"giulia-sacca-tutor-politiche-attive-lavoro","status":"publish","type":"post","link":"https:\/\/www.4stars.it\/blog\/giulia-sacca-tutor-politiche-attive-lavoro\/","title":{"rendered":"Intervista a Giulia Sacc\u00e0 \u2013 Tutor per le politiche attive del lavoro"},"content":{"rendered":"<h4><span style=\"color: #808080;\">Proseguono le interviste con i nostri professionisti: incontriamo Giulia, che in FourStars \u00e8 Tutor per le politiche attive del lavoro e gestisce le attivit\u00e0 legate ai bandi finanziati di Garanzia Giovani e Dote Unica Lavoro. In questa chiacchierata ci racconter\u00e0 il suo percorso nell\u2019ambito dell\u2019orientamento professionale e ci regaler\u00e0 alcuni spunti di riflessione sull\u2019importanza della formazione per i giovani (e i meno giovani) che stanno cercando lavoro.<\/span><\/h4>\n<p>&nbsp;<\/p>\n<h4><span style=\"color: #000000;\"><strong>Nonostante il tuo aspetto nordico, le tue radici sono calabresi. A cosa \u00e8 dovuta la scelta di trasferirti nel Nord Italia, prima per studiare e poi per lavorare?<\/strong><\/span><\/h4>\n<p>Ho preso questa decisione durante gli ultimi anni di liceo. <strong>Ero piena di sogni e di aspettative per la mia carriera professionale e sentivo di aver ben poche possibilit\u00e0 restando al sud<\/strong>.<\/p>\n<p>Dal momento che non sono una persona che sta con le mani in mano ad aspettare che le cose belle accadano, mi sono rimboccata le maniche e ho scelto di \u201ccreare da me\u201d le mie opportunit\u00e0. \u00c8 stato <strong>un grande investimento, che mi ha consentito poter svolgere oggi un lavoro che mi soddisfa<\/strong>, sia personalmente che professionalmente.<\/p>\n<p>Devo ammettere per\u00f2 che \u00e8 stato anche un grande sacrificio: <strong>vivere lontano dalla mia famiglia<\/strong> <strong>mi pesa molto, ma al tempo stesso mi ha insegnato a valorizzare molto l\u2019affetto delle persone care<\/strong>, considerando ogni singolo istante trascorso insieme a loro prezioso e insostituibile.<\/p>\n<h4><strong><span style=\"color: #000000;\">Come sei arrivata in FourStars? Qual \u00e8 stato il tuo percorso in azienda?<\/span> <\/strong><\/h4>\n<p>Sono stata <strong>contattata da FourStars mentre mi occupavo di politiche attive del lavoro<\/strong> presso un\u2019agenzia per il lavoro. Ho deciso cos\u00ec di <strong>cogliere la palla al balzo e di lanciarmi in una nuova avventura<\/strong>!<\/p>\n<p>In FourStars <strong>mi sono subito occupata di Garanzia Giovani<\/strong> <strong>e Dote Unica Lavoro<\/strong> e dell\u2019erogazione dei servizi di orientamento ai candidati e <strong>di consulenza<\/strong><strong> con i clienti<\/strong>.<\/p>\n<p>Mi occupo anche di <strong>progetti pi\u00f9 trasversali, ad esempio di formazione in aula <\/strong>su tematiche inerenti l\u2019orientamento e la ricerca del lavoro, che mi arricchiscono molto e <strong>mi hanno aiutata a vincere la mia timidezza e a scoprire nuove competenze e potenzialit\u00e0<\/strong>.<\/p>\n<h4><span style=\"color: #000000;\"><strong>Cosa ti ha spinta a scegliere di intraprendere un percorso nel settore dell\u2019orientamento per i giovani?<\/strong><\/span><\/h4>\n<p>La passione per l\u2019orientamento professionale \u00e8 nata durante gli ultimi anni di universit\u00e0, grazie ad <strong>alcuni professori che hanno saputo suscitare in me curiosit\u00e0 e interesse<\/strong> per le loro discipline. Grazie ai loro insegnamenti, ho acquisito consapevolezza di quanto sia fondamentale accompagnare le persone nelle scelta di un percorso formativo o professionale, che permetta loro di realizzarsi come individui \u201ccompleti\u201d.<\/p>\n<p>Inoltre <strong>mi ha sempre affascinato l\u2019idea di poter contribuire al conseguimento degli obiettivi personali e professionali di un&#8217;altra persona<\/strong>, attraverso il riconoscimento e la valorizzazione delle risorse e del potenziale di ciascuno.<\/p>\n<p>Spesso i giovani, ma anche molti adulti, hanno difficolt\u00e0 nell\u2019individuare i propri interessi, le proprie attitudini e competenze. In queste circostanze, talvolta, avere <strong>la possibilit\u00e0 di confrontarsi con un professionista pu\u00f2 realmente fare la differenza per trovare \u201cil proprio posto nel mondo\u201d (del lavoro)<\/strong>.<\/p>\n<h4><span style=\"color: #000000;\"><strong>Di cosa ti occupi in FourStars?<br \/>\n<\/strong><\/span><\/h4>\n<p>In FourStars mi dedico prevalentemente alle <strong>politiche attive per il lavoro nell\u2019ambito dei bandi finanziati di Garanzia Giovani e Dote Unica Lavoro<\/strong>.<\/p>\n<p>Mi occupo sia di fornire <strong>consulenza alle aziende<\/strong> per l\u2019ottenimento degli incentivi occupazionali, sia di gestire gli <strong>incontri di formazione per i candidati<\/strong>.<\/p>\n<h4><span style=\"color: #000000;\"><strong>Quali pensi che siano i punti di forza dei progetti Garanzia Giovani e Dote Unica Lavoro?<\/strong><\/span><\/h4>\n<p>Ritengo che<a href=\"https:\/\/www.4stars.it\/blog\/riparte-garanzia-giovani-lombardia-fase-2\/\"> Garanzia Giovani<\/a> e <a href=\"https:\/\/www.4stars.it\/blog\/dote-unica-lavoro-come-funziona\/\">Dote Unica Lavoro<\/a> siano <strong>progetti realmente in grado di offrire supporto a chi cerca un\u2019occasione di inserimento o reinserimento lavorativo<\/strong>.<\/p>\n<p>Oltre alla <strong>possibilit\u00e0 per i candidati di ricevere concrete proposte lavorative<\/strong> \u2013 nel caso di Garanzia Giovani incentivate dai bonus per assunzioni o inserimenti in stage \u2013 anche <strong>il percorso formativo si rivela molto importante<\/strong>.<\/p>\n<p>Per una persona in cerca di occupazione, che spesso si trova in una condizione di difficolt\u00e0 perch\u00e9 non sa come muoversi n\u00e9 in che direzione andare, <strong>\u00e8 fondamentale ricevere supporto, orientamento e motivazione<\/strong>.<\/p>\n<p>Penso che, in questa fase, l\u2019operatore possa fare davvero la differenza: trovare un professionista che prenda realmente a cuore la condizione del candidato e che metta a sua disposizione strumenti, conoscenze e competenze \u00e8 un aspetto di grandissimo valore. \u00c8 un feedback che abbiamo ricevuto spesso dai nostri candidati: <strong>l\u2019importanza di percepire di non essere soli, di non essere considerati come un numero ma come individui unici che hanno bisogno<\/strong> <strong>di sostegno e di una guida<\/strong>.<\/p>\n<p>In questo caso <strong>parlo anche per esperienza personale<\/strong>: dopo la laurea mi sono trasferita a Milano da Torino per cercare un\u2019opportunit\u00e0 nel settore dell\u2019orientamento professionale, ma mi sono trovata <strong>in difficolt\u00e0 perch\u00e9 non avevo maturato esperienza nel ruolo n\u00e9 avevo un percorso di formazione specifico<\/strong> in quella direzione (spesso venivano richieste anche per i tirocini). Non sapevo pi\u00f9 che direzione prendere, n\u00e9 come muovermi nel mercato del lavoro. Mi serviva un supporto per individuare le mie potenzialit\u00e0 e il cammino migliore per raggiungere i miei obiettivi.<\/p>\n<p><strong>Dopo un primo momento di sconforto ho deciso di aderire al programma Garanzia Giovani<\/strong>. Mi sono affidata a un ente accreditato lombardo, che, dopo una serie di colloqui individuali, mi ha proposto diversi progetti, tra cui l\u2019opportunit\u00e0 come orientatrice professionale al Comune di Milano. Il confronto con i miei tutor, i corsi di formazione, le competenze che ho maturato sul campo <strong>mi hanno dato la possibilit\u00e0 di avviare una carriera che mi ha portata a essere qui oggi<\/strong>.<\/p>\n<h4><span style=\"color: #000000;\"><strong>Con quali altre figure professionali collabori ogni giorno?<\/strong><\/span><\/h4>\n<p>Le figure con cui collaboro pi\u00f9 frequentemente sono sicuramente <strong>i consulenti dell\u2019area commerciale <\/strong>(per il supporto ai clienti), <strong>dell\u2019area ente promotore<\/strong> (per le attivazioni di stage con Garanzia Giovani) <strong>e dell\u2019area selezione<\/strong> (per l\u2019inserimento lavorativo dei candidati che hanno svolto con noi un percorso di orientamento con Garanzia Giovani e Dote Unica Lavoro).<\/p>\n<p><strong>Mi interfaccio con l\u2019amministrazione<\/strong> per ricevere supporto per le attivit\u00e0 di rendicontazione dei servizi e infine <strong>mi confronto con l\u2019area comunicazione<\/strong> per quanto riguarda la divulgazione delle informazioni a candidati e aziende.<\/p>\n<h4><span style=\"color: #000000;\"><strong>Sei una vera appassionata di sport. Quali sono i benefici che l\u2019attivit\u00e0 fisica ti porta sul piano lavorativo?<\/strong><\/span><\/h4>\n<p>Fare sport sicuramente <strong>mi aiuta a scaricare la tensione e lo stress e a partire pi\u00f9 carica<\/strong> per una nuova giornata lavorativa, ma <strong>ha anche cambiato il mio approccio alla vita e alla gestione dei problemi<\/strong>.<\/p>\n<p>Lo sport <strong>mi ha insegnato la disciplina, la costanza e la determinazione<\/strong> necessarie per ottenere, step by step, risultati e obiettivi che non avrei mai pensato di poter raggiungere. Mi ha aiutato a <strong>focalizzarmi sull\u2019obiettivo e sul pensiero positivo e propositivo<\/strong> e ho imparato a non arrendermi, neanche davanti agli ostacoli apparentemente pi\u00f9 insormontabili.<\/p>\n<p>Qualcuno dice che lo squat pu\u00f2 rappresentare una metafora della vita: ti insegna che \u00e8 possibile <strong>rialzarsi sempre, anche sotto la \u201cpressione\u201d del peso che porti sulle spalle<\/strong>!<\/p>\n<h4><span style=\"color: #000000;\"><strong>Come gestisci il tuo Work Life Balance?<\/strong><\/span><\/h4>\n<p>Mi gratifica molto fare un lavoro che mi piace e che mi fa sentire realizzata. Ammetto che <strong>talvolta sono po\u2019 stakanovista<\/strong>, su questo aspetto dovrei sicuramente lavorare ancora!<\/p>\n<p>In ogni caso, <strong>mi fa star bene ritagliare ogni giorno un po\u2019 di tempo da dedicare a me stessa e alla mia sessione mattutina di allenamento<\/strong>. Pratico bodybuilding ogni giorno e, prima di recarmi in ufficio, completo il mio <strong>workout di almeno un\u2019ora in sala pesi<\/strong>.<\/p>\n<p>Ho sviluppato anche una vera <strong>passione per la cucina fit<\/strong>, quindi nel tempo libero mi dedico alla ricerca di ricette sane e gustose e alla creazione di piatti speciali per la mia dieta.<\/p>\n<p>Mi ritengo <strong>fortunata a lavorare in un\u2019azienda che consente di adottare un orario flessibile<\/strong> <strong>e di fare smartworking<\/strong>, nell\u2019ottica di offrire un maggior benessere personale e professionale ai dipendenti e di valorizzare anche le esigenze di ognuno fuori dal posto di lavoro.<\/p>\n<h4><span style=\"color: #000000;\"><strong>Qual \u00e8 il tuo sogno nel cassetto professionale?<\/strong><\/span><\/h4>\n<p>Mi piacerebbe in futuro riuscire a \u201ccontaminare\u201d ancora di pi\u00f9 l\u2019attivit\u00e0 di orientatrice con la mia formazione in psicologia, a <strong>far convergere la mia propensione all\u2019aiuto di chi si trova in condizione di disagio psicologico con l\u2019esperienza maturata nel campo delle risorse umane<\/strong>.<\/p>\n<p>Uno dei miei sogni nel cassetto riguarda proprio la <strong>creazione di gruppi di auto-mutuo-aiuto per disoccupati<\/strong>, a cui offrire supporto in qualit\u00e0 di facilitatrice. Ho gi\u00e0 avuto la possibilit\u00e0 di essere co-facilitatrice in un gruppo di auto-mutuo-aiuto per disoccupati presso il Comune di Milano ed \u00e8 stata un\u2019esperienza bellissima, che mi piacerebbe assolutamente ripetere!<\/p>\n<p>Troppo <strong>spesso si sottovalutano gli effetti psicologici e i vissuti emotivi di chi si trova, da un momento all\u2019altro, a perdere il lavoro<\/strong> o di chi cerca un\u2019opportunit\u00e0 per ricominciare ma trova solo porte chiuse. Senso di fallimento e frustrazione possono combinarsi con sensazioni di sconfitta e rassegnazione che, se non arginati, possono sfociare in disturbi psichici come ad esempio la depressione.<\/p>\n<p>In queste circostanze, avere l\u2019opportunit\u00e0 di <strong>entrare in contatto con persone che stanno vivendo una condizione comune, rende possibile esprimere e<\/strong> <strong>condividere sofferenze, bisogni, esperienze, conquiste e speranze<\/strong>, verso un cambiamento che si teme di non saper sostenere ed affrontare.<\/p>\n","protected":false},"excerpt":{"rendered":"<p>Proseguono le interviste con i nostri professionisti: incontriamo Giulia, che in FourStars \u00e8 Tutor per le politiche attive del lavoro e gestisce le attivit\u00e0 legate ai bandi finanziati di Garanzia Giovani e Dote Unica Lavoro. In questa chiacchierata ci racconter\u00e0 il suo percorso nell\u2019ambito dell\u2019orientamento professionale e ci regaler\u00e0 alcuni &#8230;<\/p>\n","protected":false},"author":4,"featured_media":7013,"comment_status":"open","ping_status":"open","sticky":false,"template":"","format":"standard","meta":{"footnotes":""},"categories":[247],"tags":[18,20,77,58],"yoast_head":"<!-- This site is optimized with the Yoast SEO plugin v22.1 - https:\/\/yoast.com\/wordpress\/plugins\/seo\/ -->\n<title>Intervista a Giulia Sacc\u00e0 \u2013 Tutor politiche attive del lavoro - FourStars<\/title>\n<meta name=\"description\" content=\"Proseguono le interviste con i nostri professionisti: incontriamo Giulia, che in FourStars gestisce le attivit\u00e0 legate alle Politiche Attive del Lavoro.\" \/>\n<meta name=\"robots\" content=\"index, follow, max-snippet:-1, max-image-preview:large, max-video-preview:-1\" \/>\n<link rel=\"canonical\" href=\"https:\/\/www.4stars.it\/blog\/giulia-sacca-tutor-politiche-attive-lavoro\/\" \/>\n<meta property=\"og:locale\" content=\"it_IT\" \/>\n<meta property=\"og:type\" content=\"article\" \/>\n<meta property=\"og:title\" content=\"Intervista a Giulia Sacc\u00e0 \u2013 Tutor politiche attive del lavoro - FourStars\" \/>\n<meta property=\"og:description\" content=\"Proseguono le interviste con i nostri professionisti: incontriamo Giulia, che in FourStars gestisce le attivit\u00e0 legate alle Politiche Attive del Lavoro.\" \/>\n<meta property=\"og:url\" content=\"https:\/\/www.4stars.it\/blog\/giulia-sacca-tutor-politiche-attive-lavoro\/\" \/>\n<meta property=\"og:site_name\" content=\"4S BLOG\" \/>\n<meta property=\"article:publisher\" content=\"https:\/\/www.facebook.com\/4stars.sportellostage\" \/>\n<meta property=\"article:published_time\" content=\"2019-06-19T07:53:25+00:00\" \/>\n<meta property=\"article:modified_time\" content=\"2019-08-28T15:58:22+00:00\" \/>\n<meta property=\"og:image\" content=\"https:\/\/svil-www.4stars.it\/blog\/wp-content\/uploads\/2019\/06\/dimensioneBlog.jpg\" \/>\n\t<meta property=\"og:image:width\" content=\"1800\" \/>\n\t<meta property=\"og:image:height\" content=\"500\" \/>\n\t<meta property=\"og:image:type\" content=\"image\/jpeg\" \/>\n<meta name=\"author\" content=\"FourStars\" \/>\n<meta name=\"twitter:card\" content=\"summary_large_image\" \/>\n<meta name=\"twitter:label1\" content=\"Scritto da\" \/>\n\t<meta name=\"twitter:data1\" content=\"FourStars\" \/>\n\t<meta name=\"twitter:label2\" content=\"Tempo di lettura stimato\" \/>\n\t<meta name=\"twitter:data2\" content=\"8 minuti\" \/>\n<script type=\"application\/ld+json\" class=\"yoast-schema-graph\">{\"@context\":\"https:\/\/schema.org\",\"@graph\":[{\"@type\":\"Article\",\"@id\":\"https:\/\/www.4stars.it\/blog\/giulia-sacca-tutor-politiche-attive-lavoro\/#article\",\"isPartOf\":{\"@id\":\"https:\/\/www.4stars.it\/blog\/giulia-sacca-tutor-politiche-attive-lavoro\/\"},\"author\":{\"name\":\"FourStars\",\"@id\":\"https:\/\/svil-www.4stars.it\/blog\/#\/schema\/person\/31a6660310b7cb08480644ac93dcf4b4\"},\"headline\":\"Intervista a Giulia Sacc\u00e0 \u2013 Tutor per le politiche attive del lavoro\",\"datePublished\":\"2019-06-19T07:53:25+00:00\",\"dateModified\":\"2019-08-28T15:58:22+00:00\",\"mainEntityOfPage\":{\"@id\":\"https:\/\/www.4stars.it\/blog\/giulia-sacca-tutor-politiche-attive-lavoro\/\"},\"wordCount\":1553,\"commentCount\":0,\"publisher\":{\"@id\":\"https:\/\/svil-www.4stars.it\/blog\/#organization\"},\"keywords\":[\"Dote Unica Lavoro - DUL\",\"Garanzia Giovani\",\"Politiche attive del lavoro\",\"Professioni\"],\"articleSection\":[\"Inside FourStars\"],\"inLanguage\":\"it-IT\",\"potentialAction\":[{\"@type\":\"CommentAction\",\"name\":\"Comment\",\"target\":[\"https:\/\/www.4stars.it\/blog\/giulia-sacca-tutor-politiche-attive-lavoro\/#respond\"]}]},{\"@type\":\"WebPage\",\"@id\":\"https:\/\/www.4stars.it\/blog\/giulia-sacca-tutor-politiche-attive-lavoro\/\",\"url\":\"https:\/\/www.4stars.it\/blog\/giulia-sacca-tutor-politiche-attive-lavoro\/\",\"name\":\"Intervista a Giulia Sacc\u00e0 \u2013 Tutor politiche attive del lavoro - FourStars\",\"isPartOf\":{\"@id\":\"https:\/\/svil-www.4stars.it\/blog\/#website\"},\"datePublished\":\"2019-06-19T07:53:25+00:00\",\"dateModified\":\"2019-08-28T15:58:22+00:00\",\"description\":\"Proseguono le interviste con i nostri professionisti: incontriamo Giulia, che in FourStars gestisce le attivit\u00e0 legate alle Politiche Attive del Lavoro.\",\"breadcrumb\":{\"@id\":\"https:\/\/www.4stars.it\/blog\/giulia-sacca-tutor-politiche-attive-lavoro\/#breadcrumb\"},\"inLanguage\":\"it-IT\",\"potentialAction\":[{\"@type\":\"ReadAction\",\"target\":[\"https:\/\/www.4stars.it\/blog\/giulia-sacca-tutor-politiche-attive-lavoro\/\"]}]},{\"@type\":\"BreadcrumbList\",\"@id\":\"https:\/\/www.4stars.it\/blog\/giulia-sacca-tutor-politiche-attive-lavoro\/#breadcrumb\",\"itemListElement\":[{\"@type\":\"ListItem\",\"position\":1,\"name\":\"Home\",\"item\":\"https:\/\/www.4stars.it\/blog\/\"},{\"@type\":\"ListItem\",\"position\":2,\"name\":\"Intervista a Giulia Sacc\u00e0 \u2013 Tutor per le politiche attive del lavoro\"}]},{\"@type\":\"WebSite\",\"@id\":\"https:\/\/svil-www.4stars.it\/blog\/#website\",\"url\":\"https:\/\/svil-www.4stars.it\/blog\/\",\"name\":\"4S BLOG\",\"description\":\"Stage e Lavoro\",\"publisher\":{\"@id\":\"https:\/\/svil-www.4stars.it\/blog\/#organization\"},\"potentialAction\":[{\"@type\":\"SearchAction\",\"target\":{\"@type\":\"EntryPoint\",\"urlTemplate\":\"https:\/\/svil-www.4stars.it\/blog\/?s={search_term_string}\"},\"query-input\":\"required name=search_term_string\"}],\"inLanguage\":\"it-IT\"},{\"@type\":\"Organization\",\"@id\":\"https:\/\/svil-www.4stars.it\/blog\/#organization\",\"name\":\"4S BLOG\",\"url\":\"https:\/\/svil-www.4stars.it\/blog\/\",\"logo\":{\"@type\":\"ImageObject\",\"inLanguage\":\"it-IT\",\"@id\":\"https:\/\/svil-www.4stars.it\/blog\/#\/schema\/logo\/image\/\",\"url\":\"https:\/\/www.4stars.it\/blog\/wp-content\/uploads\/2022\/11\/4stars_logo_payoff-2.png\",\"contentUrl\":\"https:\/\/www.4stars.it\/blog\/wp-content\/uploads\/2022\/11\/4stars_logo_payoff-2.png\",\"width\":1000,\"height\":502,\"caption\":\"4S BLOG\"},\"image\":{\"@id\":\"https:\/\/svil-www.4stars.it\/blog\/#\/schema\/logo\/image\/\"},\"sameAs\":[\"https:\/\/www.facebook.com\/4stars.sportellostage\",\"https:\/\/www.linkedin.com\/company\/fourstars-sportellostage\/\",\"https:\/\/www.instagram.com\/4stars_stage_lavoro\/\"]},{\"@type\":\"Person\",\"@id\":\"https:\/\/svil-www.4stars.it\/blog\/#\/schema\/person\/31a6660310b7cb08480644ac93dcf4b4\",\"name\":\"FourStars\"}]}<\/script>\n<!-- \/ Yoast SEO plugin. -->","yoast_head_json":{"title":"Intervista a Giulia Sacc\u00e0 \u2013 Tutor politiche attive del lavoro - FourStars","description":"Proseguono le interviste con i nostri professionisti: incontriamo Giulia, che in FourStars gestisce le attivit\u00e0 legate alle Politiche Attive del Lavoro.","robots":{"index":"index","follow":"follow","max-snippet":"max-snippet:-1","max-image-preview":"max-image-preview:large","max-video-preview":"max-video-preview:-1"},"canonical":"https:\/\/www.4stars.it\/blog\/giulia-sacca-tutor-politiche-attive-lavoro\/","og_locale":"it_IT","og_type":"article","og_title":"Intervista a Giulia Sacc\u00e0 \u2013 Tutor politiche attive del lavoro - FourStars","og_description":"Proseguono le interviste con i nostri professionisti: incontriamo Giulia, che in FourStars gestisce le attivit\u00e0 legate alle Politiche Attive del Lavoro.","og_url":"https:\/\/www.4stars.it\/blog\/giulia-sacca-tutor-politiche-attive-lavoro\/","og_site_name":"4S BLOG","article_publisher":"https:\/\/www.facebook.com\/4stars.sportellostage","article_published_time":"2019-06-19T07:53:25+00:00","article_modified_time":"2019-08-28T15:58:22+00:00","og_image":[{"width":1800,"height":500,"url":"https:\/\/svil-www.4stars.it\/blog\/wp-content\/uploads\/2019\/06\/dimensioneBlog.jpg","type":"image\/jpeg"}],"author":"FourStars","twitter_card":"summary_large_image","twitter_misc":{"Scritto da":"FourStars","Tempo di lettura stimato":"8 minuti"},"schema":{"@context":"https:\/\/schema.org","@graph":[{"@type":"Article","@id":"https:\/\/www.4stars.it\/blog\/giulia-sacca-tutor-politiche-attive-lavoro\/#article","isPartOf":{"@id":"https:\/\/www.4stars.it\/blog\/giulia-sacca-tutor-politiche-attive-lavoro\/"},"author":{"name":"FourStars","@id":"https:\/\/svil-www.4stars.it\/blog\/#\/schema\/person\/31a6660310b7cb08480644ac93dcf4b4"},"headline":"Intervista a Giulia Sacc\u00e0 \u2013 Tutor per le politiche attive del lavoro","datePublished":"2019-06-19T07:53:25+00:00","dateModified":"2019-08-28T15:58:22+00:00","mainEntityOfPage":{"@id":"https:\/\/www.4stars.it\/blog\/giulia-sacca-tutor-politiche-attive-lavoro\/"},"wordCount":1553,"commentCount":0,"publisher":{"@id":"https:\/\/svil-www.4stars.it\/blog\/#organization"},"keywords":["Dote Unica Lavoro - DUL","Garanzia Giovani","Politiche attive del lavoro","Professioni"],"articleSection":["Inside FourStars"],"inLanguage":"it-IT","potentialAction":[{"@type":"CommentAction","name":"Comment","target":["https:\/\/www.4stars.it\/blog\/giulia-sacca-tutor-politiche-attive-lavoro\/#respond"]}]},{"@type":"WebPage","@id":"https:\/\/www.4stars.it\/blog\/giulia-sacca-tutor-politiche-attive-lavoro\/","url":"https:\/\/www.4stars.it\/blog\/giulia-sacca-tutor-politiche-attive-lavoro\/","name":"Intervista a Giulia Sacc\u00e0 \u2013 Tutor politiche attive del lavoro - FourStars","isPartOf":{"@id":"https:\/\/svil-www.4stars.it\/blog\/#website"},"datePublished":"2019-06-19T07:53:25+00:00","dateModified":"2019-08-28T15:58:22+00:00","description":"Proseguono le interviste con i nostri professionisti: incontriamo Giulia, che in FourStars gestisce le attivit\u00e0 legate alle Politiche Attive del Lavoro.","breadcrumb":{"@id":"https:\/\/www.4stars.it\/blog\/giulia-sacca-tutor-politiche-attive-lavoro\/#breadcrumb"},"inLanguage":"it-IT","potentialAction":[{"@type":"ReadAction","target":["https:\/\/www.4stars.it\/blog\/giulia-sacca-tutor-politiche-attive-lavoro\/"]}]},{"@type":"BreadcrumbList","@id":"https:\/\/www.4stars.it\/blog\/giulia-sacca-tutor-politiche-attive-lavoro\/#breadcrumb","itemListElement":[{"@type":"ListItem","position":1,"name":"Home","item":"https:\/\/www.4stars.it\/blog\/"},{"@type":"ListItem","position":2,"name":"Intervista a Giulia Sacc\u00e0 \u2013 Tutor per le politiche attive del lavoro"}]},{"@type":"WebSite","@id":"https:\/\/svil-www.4stars.it\/blog\/#website","url":"https:\/\/svil-www.4stars.it\/blog\/","name":"4S BLOG","description":"Stage e Lavoro","publisher":{"@id":"https:\/\/svil-www.4stars.it\/blog\/#organization"},"potentialAction":[{"@type":"SearchAction","target":{"@type":"EntryPoint","urlTemplate":"https:\/\/svil-www.4stars.it\/blog\/?s={search_term_string}"},"query-input":"required name=search_term_string"}],"inLanguage":"it-IT"},{"@type":"Organization","@id":"https:\/\/svil-www.4stars.it\/blog\/#organization","name":"4S BLOG","url":"https:\/\/svil-www.4stars.it\/blog\/","logo":{"@type":"ImageObject","inLanguage":"it-IT","@id":"https:\/\/svil-www.4stars.it\/blog\/#\/schema\/logo\/image\/","url":"https:\/\/www.4stars.it\/blog\/wp-content\/uploads\/2022\/11\/4stars_logo_payoff-2.png","contentUrl":"https:\/\/www.4stars.it\/blog\/wp-content\/uploads\/2022\/11\/4stars_logo_payoff-2.png","width":1000,"height":502,"caption":"4S BLOG"},"image":{"@id":"https:\/\/svil-www.4stars.it\/blog\/#\/schema\/logo\/image\/"},"sameAs":["https:\/\/www.facebook.com\/4stars.sportellostage","https:\/\/www.linkedin.com\/company\/fourstars-sportellostage\/","https:\/\/www.instagram.com\/4stars_stage_lavoro\/"]},{"@type":"Person","@id":"https:\/\/svil-www.4stars.it\/blog\/#\/schema\/person\/31a6660310b7cb08480644ac93dcf4b4","name":"FourStars"}]}},"_links":{"self":[{"href":"https:\/\/www.4stars.it\/blog\/wp-json\/wp\/v2\/posts\/6999"}],"collection":[{"href":"https:\/\/www.4stars.it\/blog\/wp-json\/wp\/v2\/posts"}],"about":[{"href":"https:\/\/www.4stars.it\/blog\/wp-json\/wp\/v2\/types\/post"}],"author":[{"embeddable":true,"href":"https:\/\/www.4stars.it\/blog\/wp-json\/wp\/v2\/users\/4"}],"replies":[{"embeddable":true,"href":"https:\/\/www.4stars.it\/blog\/wp-json\/wp\/v2\/comments?post=6999"}],"version-history":[{"count":26,"href":"https:\/\/www.4stars.it\/blog\/wp-json\/wp\/v2\/posts\/6999\/revisions"}],"predecessor-version":[{"id":7605,"href":"https:\/\/www.4stars.it\/blog\/wp-json\/wp\/v2\/posts\/6999\/revisions\/7605"}],"wp:featuredmedia":[{"embeddable":true,"href":"https:\/\/www.4stars.it\/blog\/wp-json\/wp\/v2\/media\/7013"}],"wp:attachment":[{"href":"https:\/\/www.4stars.it\/blog\/wp-json\/wp\/v2\/media?parent=6999"}],"wp:term":[{"taxonomy":"category","embeddable":true,"href":"https:\/\/www.4stars.it\/blog\/wp-json\/wp\/v2\/categories?post=6999"},{"taxonomy":"post_tag","embeddable":true,"href":"https:\/\/www.4stars.it\/blog\/wp-json\/wp\/v2\/tags?post=6999"}],"curies":[{"name":"wp","href":"https:\/\/api.w.org\/{rel}","templated":true}]}}